{"id":5144,"date":"2024-01-20T18:24:54","date_gmt":"2024-01-20T20:24:54","guid":{"rendered":"https:\/\/ligana104.com.br\/2021\/2024\/01\/20\/claudio-ferreira-afirma-que-rondonopolis-sofre-com-o-modelo-politico-atrasado-de-antigos-caciques-2\/"},"modified":"2024-01-20T18:24:55","modified_gmt":"2024-01-20T20:24:55","slug":"claudio-ferreira-afirma-que-rondonopolis-sofre-com-o-modelo-politico-atrasado-de-antigos-caciques-2","status":"publish","type":"post","link":"https:\/\/ligana104.com.br\/2021\/2024\/01\/20\/claudio-ferreira-afirma-que-rondonopolis-sofre-com-o-modelo-politico-atrasado-de-antigos-caciques-2\/","title":{"rendered":"Cl\u00e1udio Ferreira afirma que Rondon\u00f3polis sofre com o modelo pol\u00edtico atrasado de antigos caciques"},"content":{"rendered":"<p> <br \/>\n<\/p>\n<p>O pr\u00e9-candidato a prefeito de Rondon\u00f3polis pelo PL, o deputado estadual Cl\u00e1udio Ferreira fez duras cr\u00edticas aos grupos pol\u00edticos que se revezam no comando da cidade, que \u00e9 a segunda maior economia de Mato Grosso.<\/p>\n<p>Para o parlamentar, Rondon\u00f3polis sofre com problemas herdados por gest\u00f5es que representam um modelo pol\u00edtico atrasado, radical, que n\u00e3o abre para o setor produtivo e penaliza as pessoas mais humildes.<\/p>\n<p>\u201cOs grupos pol\u00edticos com seus pr\u00e9-candidatos que representam os antigos caciques pol\u00edticos est\u00e3o tentando se manter no poder, mas esses caciques j\u00e1 tiveram ou est\u00e3o no comando da cidade e os problemas continuam os mesmos. Problemas que s\u00e3o filhos dessas gest\u00f5es atrasadas. Precisamos repensar Rondon\u00f3polis, planejar a cidade e parar de administrar na base do improviso. O efeito de tudo isso est\u00e1 em v\u00e1rios setores como a educa\u00e7\u00e3o, mobilidade urbana e a sa\u00fade, que \u00e9 um caos\u201d, disse Cl\u00e1udio Paisagista, como \u00e9 conhecido, nesta sexta-feira (19) durante entrevista \u00e0 r\u00e1dio 105 FM de Rondon\u00f3polis.<\/p>\n<p>Cl\u00e1udio, que \u00e9 o nome da direita na disputa eleitoral em Rondon\u00f3polis, afirmou que sua pr\u00e9-candidatura n\u00e3o representa ou \u00e9 comandada por caciques pol\u00edticos ou grupos.<\/p>\n<p>\u201cNossa pr\u00e9-candidatura representa as pessoas comuns que est\u00e3o cansadas de pol\u00edticos profissionais, carreiristas que n\u00e3o pensam na cidade e muito menos nas pessoas. A pol\u00edtica s\u00f3 vai dar certo para as pessoas comuns quando elas participarem da pol\u00edtica\u201d, frisou Cl\u00e1udio, que foi o deputado estadual mais votado em Rondon\u00f3polis nas elei\u00e7\u00f5es de 2022.<\/p>\n<p><br \/>\n<br \/><a href=\"https:\/\/rgtnews.com.br\/destaque\/claudio-ferreira-afirma-que-rondonopolis-sofre-com-o-modelo-politico-atrasado-de-antigos-caciques\/?utm_source=rss&#038;utm_medium=rss&#038;utm_campaign=claudio-ferreira-afirma-que-rondonopolis-sofre-com-o-modelo-politico-atrasado-de-antigos-caciques\">Fonte da Noticia <\/a><\/p>\n","protected":false},"excerpt":{"rendered":"<p>O pr\u00e9-candidato a prefeito de Rondon\u00f3polis pelo PL, o deputado estadual Cl\u00e1udio Ferreira fez duras cr\u00edticas aos grupos pol\u00edticos que se revezam no comando da cidade, que \u00e9 a segunda maior economia de Mato Grosso. Para o parlamentar, Rondon\u00f3polis sofre com problemas herdados por gest\u00f5es que representam um modelo pol\u00edtico atrasado, radical, que n\u00e3o abre [&hellip;]<\/p>\n","protected":false},"author":1,"featured_media":5145,"comment_status":"closed","ping_status":"closed","sticky":false,"template":"","format":"standard","meta":[],"categories":[1],"tags":[],"_links":{"self":[{"href":"https:\/\/ligana104.com.br\/2021\/wp-json\/wp\/v2\/posts\/5144"}],"collection":[{"href":"https:\/\/ligana104.com.br\/2021\/wp-json\/wp\/v2\/posts"}],"about":[{"href":"https:\/\/ligana104.com.br\/2021\/wp-json\/wp\/v2\/types\/post"}],"author":[{"embeddable":true,"href":"https:\/\/ligana104.com.br\/2021\/wp-json\/wp\/v2\/users\/1"}],"replies":[{"embeddable":true,"href":"https:\/\/ligana104.com.br\/2021\/wp-json\/wp\/v2\/comments?post=5144"}],"version-history":[{"count":1,"href":"https:\/\/ligana104.com.br\/2021\/wp-json\/wp\/v2\/posts\/5144\/revisions"}],"predecessor-version":[{"id":5146,"href":"https:\/\/ligana104.com.br\/2021\/wp-json\/wp\/v2\/posts\/5144\/revisions\/5146"}],"wp:featuredmedia":[{"embeddable":true,"href":"https:\/\/ligana104.com.br\/2021\/wp-json\/wp\/v2\/media\/5145"}],"wp:attachment":[{"href":"https:\/\/ligana104.com.br\/2021\/wp-json\/wp\/v2\/media?parent=5144"}],"wp:term":[{"taxonomy":"category","embeddable":true,"href":"https:\/\/ligana104.com.br\/2021\/wp-json\/wp\/v2\/categories?post=5144"},{"taxonomy":"post_tag","embeddable":true,"href":"https:\/\/ligana104.com.br\/2021\/wp-json\/wp\/v2\/tags?post=5144"}],"curies":[{"name":"wp","href":"https:\/\/api.w.org\/{rel}","templated":true}]}}