{"id":5141,"date":"2024-01-20T17:18:56","date_gmt":"2024-01-20T19:18:56","guid":{"rendered":"https:\/\/ligana104.com.br\/2021\/2024\/01\/20\/assista-jornalista-trocando-socos-com-tarado-que-ofendeu-sua-filha-e-esposa-em-mt-assista\/"},"modified":"2024-01-20T17:18:56","modified_gmt":"2024-01-20T19:18:56","slug":"assista-jornalista-trocando-socos-com-tarado-que-ofendeu-sua-filha-e-esposa-em-mt-assista","status":"publish","type":"post","link":"https:\/\/ligana104.com.br\/2021\/2024\/01\/20\/assista-jornalista-trocando-socos-com-tarado-que-ofendeu-sua-filha-e-esposa-em-mt-assista\/","title":{"rendered":"Assista jornalista trocando socos com tarado que ofendeu sua filha e esposa em MT; assista"},"content":{"rendered":"<p> <br \/>\n<\/p>\n<p data-fetch=\"true\" data-reader-unique-id=\"2\">Um jornalista e locutor em Pontes e Lacerda (450 km de Cuiab\u00e1) foi filmado trocando socos com um homem na noite da \u00faltima quinta-feira (18), pr\u00f3ximo a uma pra\u00e7a.<\/p>\n<p data-reader-unique-id=\"6\">O profissional da comunica\u00e7\u00e3o \u00e9 identificado como &#8220;Da Silva&#8221; e informou \u00e0 imprensa local que a briga come\u00e7ou ap\u00f3s sua filha de 15 anos e sua esposa terem sido perturbadas pelo homem.<\/p>\n<p data-fetch=\"true\" data-reader-unique-id=\"7\">De acordo com as informa\u00e7\u00f5es sobre o caso, o jornalista detalhou que estava jantando com a fam\u00edlia em um estabelecimento quando, em determinado momento, a esposa e a filha foram ao banheiro. As duas estavam demorando para sair, momento em que o homem teria ido atr\u00e1s delas, batido na porta e disparado a seguinte frase: &#8220;voc\u00eas est\u00e3o se chupando a\u00ed dentro&#8221;.<\/p>\n<p data-reader-unique-id=\"9\">Da Silva percebeu a situa\u00e7\u00e3o e partiu para a briga. &#8220;Meu instinto de pai e marido falou mais alto. Eu n\u00e3o aguentei e parti para cima dele&#8221;, contou o jornalista.<\/p>\n<p data-reader-unique-id=\"10\">O v\u00eddeo divulgado pelo site VG Not\u00edcias mostra o momento da briga que ocorreu no meio da rua.<\/p>\n<blockquote class=\"instagram-media\" style=\"background: #FFF;border: 0;border-radius: 3px;margin: 1px;max-width: 658px;min-width: 326px;padding: 0;width: calc(100% - 2px)\" data-instgrm-permalink=\"https:\/\/www.instagram.com\/reel\/C2Ux9JCyjIE\/?utm_source=ig_embed&amp;utm_campaign=loading\" data-instgrm-captioned=\"\" data-instgrm-version=\"14\">\n<div style=\"padding: 16px\">\n<p>&nbsp;<\/p>\n<div style=\"flex-direction: row;align-items: center\">\n<div style=\"background-color: #f4f4f4;border-radius: 50%;flex-grow: 0;height: 40px;margin-right: 14px;width: 40px\"><\/div>\n<div style=\"flex-direction: column;flex-grow: 1;justify-content: center\">\n<div style=\"background-color: #f4f4f4;border-radius: 4px;flex-grow: 0;height: 14px;margin-bottom: 6px;width: 100px\"><\/div>\n<div style=\"background-color: #f4f4f4;border-radius: 4px;flex-grow: 0;height: 14px;width: 60px\"><\/div>\n<\/div>\n<\/div>\n<div style=\"padding: 19% 0\"><\/div>\n<div style=\"height: 50px;margin: 0 auto 12px;width: 50px\"><\/div>\n<div style=\"padding-top: 8px\">\n<div style=\"color: #3897f0;font-family: Arial,sans-serif;font-size: 14px;font-style: normal;font-weight: 550;line-height: 18px\">View this post on Instagram<\/div>\n<\/div>\n<div style=\"padding: 12.5% 0\"><\/div>\n<div style=\"flex-direction: row;margin-bottom: 14px;align-items: center\">\n<div>\n<div style=\"background-color: #f4f4f4;border-radius: 50%;height: 12.5px;width: 12.5px\"><\/div>\n<div style=\"background-color: #f4f4f4;height: 12.5px;width: 12.5px;flex-grow: 0;margin-right: 14px;margin-left: 2px\"><\/div>\n<div style=\"background-color: #f4f4f4;border-radius: 50%;height: 12.5px;width: 12.5px\"><\/div>\n<\/div>\n<div style=\"margin-left: 8px\">\n<div style=\"background-color: #f4f4f4;border-radius: 50%;flex-grow: 0;height: 20px;width: 20px\"><\/div>\n<div style=\"width: 0;height: 0;border-top: 2px solid transparent;border-left: 6px solid #f4f4f4;border-bottom: 2px solid transparent\"><\/div>\n<\/div>\n<div style=\"margin-left: auto\">\n<div style=\"width: 0px;border-top: 8px solid #F4F4F4;border-right: 8px solid transparent\"><\/div>\n<div style=\"background-color: #f4f4f4;flex-grow: 0;height: 12px;width: 16px\"><\/div>\n<div style=\"width: 0;height: 0;border-top: 8px solid #F4F4F4;border-left: 8px solid transparent\"><\/div>\n<\/div>\n<\/div>\n<div style=\"flex-direction: column;flex-grow: 1;justify-content: center;margin-bottom: 24px\">\n<div style=\"background-color: #f4f4f4;border-radius: 4px;flex-grow: 0;height: 14px;margin-bottom: 6px;width: 224px\"><\/div>\n<div style=\"background-color: #f4f4f4;border-radius: 4px;flex-grow: 0;height: 14px;width: 144px\"><\/div>\n<\/div>\n<p>&nbsp;<\/p>\n<p style=\"color: #c9c8cd;font-family: Arial,sans-serif;font-size: 14px;line-height: 17px;margin-bottom: 0;margin-top: 8px;overflow: hidden;padding: 8px 0 7px;text-align: center\"><a style=\"color: #c9c8cd;font-family: Arial,sans-serif;font-size: 14px;font-style: normal;font-weight: normal;line-height: 17px;text-decoration: none\" href=\"https:\/\/www.instagram.com\/reel\/C2Ux9JCyjIE\/?utm_source=ig_embed&amp;utm_campaign=loading\" target=\"_blank\" rel=\"noopener\">A post shared by VGN (@vgnoticias.oficial)<\/a><\/p>\n<\/div>\n<\/blockquote>\n<p><script async src=\"\/\/www.instagram.com\/embed.js\"><\/script><br \/>\n<br \/><br \/>\n<br \/><a href=\"https:\/\/rgtnews.com.br\/destaque\/assista-jornalista-trocando-socos-com-tarado-que-ofendeu-sua-filha-e-esposa-em-mt-assista\/?utm_source=rss&#038;utm_medium=rss&#038;utm_campaign=assista-jornalista-trocando-socos-com-tarado-que-ofendeu-sua-filha-e-esposa-em-mt-assista\">Fonte da Noticia <\/a><\/p>\n","protected":false},"excerpt":{"rendered":"<p>Um jornalista e locutor em Pontes e Lacerda (450 km de Cuiab\u00e1) foi filmado trocando socos com um homem na noite da \u00faltima quinta-feira (18), pr\u00f3ximo a uma pra\u00e7a. O profissional da comunica\u00e7\u00e3o \u00e9 identificado como &#8220;Da Silva&#8221; e informou \u00e0 imprensa local que a briga come\u00e7ou ap\u00f3s sua filha de 15 anos e sua [&hellip;]<\/p>\n","protected":false},"author":1,"featured_media":5142,"comment_status":"closed","ping_status":"closed","sticky":false,"template":"","format":"standard","meta":[],"categories":[1],"tags":[],"_links":{"self":[{"href":"https:\/\/ligana104.com.br\/2021\/wp-json\/wp\/v2\/posts\/5141"}],"collection":[{"href":"https:\/\/ligana104.com.br\/2021\/wp-json\/wp\/v2\/posts"}],"about":[{"href":"https:\/\/ligana104.com.br\/2021\/wp-json\/wp\/v2\/types\/post"}],"author":[{"embeddable":true,"href":"https:\/\/ligana104.com.br\/2021\/wp-json\/wp\/v2\/users\/1"}],"replies":[{"embeddable":true,"href":"https:\/\/ligana104.com.br\/2021\/wp-json\/wp\/v2\/comments?post=5141"}],"version-history":[{"count":1,"href":"https:\/\/ligana104.com.br\/2021\/wp-json\/wp\/v2\/posts\/5141\/revisions"}],"predecessor-version":[{"id":5143,"href":"https:\/\/ligana104.com.br\/2021\/wp-json\/wp\/v2\/posts\/5141\/revisions\/5143"}],"wp:featuredmedia":[{"embeddable":true,"href":"https:\/\/ligana104.com.br\/2021\/wp-json\/wp\/v2\/media\/5142"}],"wp:attachment":[{"href":"https:\/\/ligana104.com.br\/2021\/wp-json\/wp\/v2\/media?parent=5141"}],"wp:term":[{"taxonomy":"category","embeddable":true,"href":"https:\/\/ligana104.com.br\/2021\/wp-json\/wp\/v2\/categories?post=5141"},{"taxonomy":"post_tag","embeddable":true,"href":"https:\/\/ligana104.com.br\/2021\/wp-json\/wp\/v2\/tags?post=5141"}],"curies":[{"name":"wp","href":"https:\/\/api.w.org\/{rel}","templated":true}]}}