{"id":5135,"date":"2024-01-20T15:13:12","date_gmt":"2024-01-20T17:13:12","guid":{"rendered":"https:\/\/ligana104.com.br\/2021\/2024\/01\/20\/medeiros-afirma-que-recontagem-publica-de-votos-garante-mais-transparencia-e-fortalece-a-democracia\/"},"modified":"2024-01-20T15:13:12","modified_gmt":"2024-01-20T17:13:12","slug":"medeiros-afirma-que-recontagem-publica-de-votos-garante-mais-transparencia-e-fortalece-a-democracia","status":"publish","type":"post","link":"https:\/\/ligana104.com.br\/2021\/2024\/01\/20\/medeiros-afirma-que-recontagem-publica-de-votos-garante-mais-transparencia-e-fortalece-a-democracia\/","title":{"rendered":"Medeiros afirma que recontagem p\u00fablica de votos garante mais transpar\u00eancia e fortalece a democracia"},"content":{"rendered":"<p> <br \/>\n<\/p>\n<p>Relator do projeto de lei 1.169\/2015 que estabelece a recontagem f\u00edsica de votos, o deputado federal Jos\u00e9 Medeiros (PL-MT) defendeu que a proposta garante mais transpar\u00eancia na apura\u00e7\u00e3o do processo eleitoral brasileiro durante encontro do Movimento Conservador Endireita Brasil. O evento foi realizado em S\u00e3o Paulo, no \u00faltimo dia 15 de janeiro, e o deputado mato-grossense foi um dos palestrantes.<\/p>\n<p>Para Medeiros, o projeto \u00e9 robusto e est\u00e1 amparado pela Constitui\u00e7\u00e3o Federal. \u201cA tese da contagem p\u00fablica dos votos \u00e9 amparada pela Constitui\u00e7\u00e3o Federal. Desta vez, diferente das outras, nos preparamos para os tecnicismos de quem quer derrubar o projeto que n\u00e3o \u00e9 da direita, \u00e9 um projeto do Brasil. Queremos construir uma seguran\u00e7a jur\u00eddica no pa\u00eds. O que queremos \u00e9 transpar\u00eancia\u201d, declarou Medeiros ao site Gazeta do Povo.<\/p>\n<p>O parlamentar afirma que o projeto deve avan\u00e7ar na C\u00e2mara Federal com o retorno dos trabalhos em fevereiro. Ele explicou que o projeto est\u00e1 parado na Comiss\u00e3o de Constitui\u00e7\u00e3o e Justi\u00e7a (CCJ), que \u00e9 presidida pelo deputado federal Rui Falc\u00e3o (PT-SP). Por\u00e9m, a expectativa \u00e9 que o projeto seja analisado assim que Falc\u00e3o deixar o comando da CCJ, que deve acontecer ainda em fevereiro. Em seu lugar assume a deputada federal Caroline de Toni (PL-SC), parlamentar de direita. O projeto \u00e9 de autoria do deputado federal Carlos Gaguim (MDB-TO).<\/p>\n<p>\u201cAssim que for aprovado na C\u00e2mara Federal, o presidente do Senado, Rodrigo Pacheco (PSD-MG), se compromete a pautar o projeto para vota\u00e7\u00e3o em plen\u00e1rio\u201d, informou Medeiros, que \u00e9 um dos l\u00edderes da bancada de oposi\u00e7\u00e3o ao governo do PT na C\u00e2mara dos Deputados.<\/p>\n<p>Al\u00e9m da recontagem p\u00fablica de votos nas elei\u00e7\u00f5es, o evento conservador discutiu o agroneg\u00f3cio brasileiro. Medeiros participou dos pain\u00e9is com o senador Carlos Heinze (PP-RS), o desembargador Sebasti\u00e3o Coelho e o procurador de Justi\u00e7a de Mato Grosso do Sul Felipe Gimenez. O procurador Gimenez \u00e9 especialista em transpar\u00eancia eleitoral e um dos idealizadores do projeto de contagem p\u00fablica de votos.<\/p>\n<p><br \/>\n<br \/><a href=\"https:\/\/rgtnews.com.br\/noticias\/politica\/medeiros-afirma-que-recontagem-publica-de-votos-garante-mais-transparencia-e-fortalece-a-democracia\/?utm_source=rss&#038;utm_medium=rss&#038;utm_campaign=medeiros-afirma-que-recontagem-publica-de-votos-garante-mais-transparencia-e-fortalece-a-democracia\">Fonte da Noticia <\/a><\/p>\n","protected":false},"excerpt":{"rendered":"<p>Relator do projeto de lei 1.169\/2015 que estabelece a recontagem f\u00edsica de votos, o deputado federal Jos\u00e9 Medeiros (PL-MT) defendeu que a proposta garante mais transpar\u00eancia na apura\u00e7\u00e3o do processo eleitoral brasileiro durante encontro do Movimento Conservador Endireita Brasil. O evento foi realizado em S\u00e3o Paulo, no \u00faltimo dia 15 de janeiro, e o deputado [&hellip;]<\/p>\n","protected":false},"author":1,"featured_media":5136,"comment_status":"closed","ping_status":"closed","sticky":false,"template":"","format":"standard","meta":[],"categories":[1],"tags":[],"_links":{"self":[{"href":"https:\/\/ligana104.com.br\/2021\/wp-json\/wp\/v2\/posts\/5135"}],"collection":[{"href":"https:\/\/ligana104.com.br\/2021\/wp-json\/wp\/v2\/posts"}],"about":[{"href":"https:\/\/ligana104.com.br\/2021\/wp-json\/wp\/v2\/types\/post"}],"author":[{"embeddable":true,"href":"https:\/\/ligana104.com.br\/2021\/wp-json\/wp\/v2\/users\/1"}],"replies":[{"embeddable":true,"href":"https:\/\/ligana104.com.br\/2021\/wp-json\/wp\/v2\/comments?post=5135"}],"version-history":[{"count":1,"href":"https:\/\/ligana104.com.br\/2021\/wp-json\/wp\/v2\/posts\/5135\/revisions"}],"predecessor-version":[{"id":5137,"href":"https:\/\/ligana104.com.br\/2021\/wp-json\/wp\/v2\/posts\/5135\/revisions\/5137"}],"wp:featuredmedia":[{"embeddable":true,"href":"https:\/\/ligana104.com.br\/2021\/wp-json\/wp\/v2\/media\/5136"}],"wp:attachment":[{"href":"https:\/\/ligana104.com.br\/2021\/wp-json\/wp\/v2\/media?parent=5135"}],"wp:term":[{"taxonomy":"category","embeddable":true,"href":"https:\/\/ligana104.com.br\/2021\/wp-json\/wp\/v2\/categories?post=5135"},{"taxonomy":"post_tag","embeddable":true,"href":"https:\/\/ligana104.com.br\/2021\/wp-json\/wp\/v2\/tags?post=5135"}],"curies":[{"name":"wp","href":"https:\/\/api.w.org\/{rel}","templated":true}]}}