{"id":5126,"date":"2024-01-20T11:43:43","date_gmt":"2024-01-20T13:43:43","guid":{"rendered":"https:\/\/ligana104.com.br\/2021\/2024\/01\/20\/motorista-fica-ferido-apos-grave-colisao-com-carreta-na-br-364-video-mostra-veiculos-destruidos\/"},"modified":"2024-01-20T11:43:43","modified_gmt":"2024-01-20T13:43:43","slug":"motorista-fica-ferido-apos-grave-colisao-com-carreta-na-br-364-video-mostra-veiculos-destruidos","status":"publish","type":"post","link":"https:\/\/ligana104.com.br\/2021\/2024\/01\/20\/motorista-fica-ferido-apos-grave-colisao-com-carreta-na-br-364-video-mostra-veiculos-destruidos\/","title":{"rendered":"Motorista fica ferido ap\u00f3s grave colis\u00e3o com carreta na BR-364; v\u00eddeo mostra ve\u00edculos destru\u00eddos"},"content":{"rendered":"<p> <br \/>\n<\/p>\n<p>Um motorista ficou ferido ap\u00f3s se envolver em um acidente com uma carreta no km 270 da BR-364, em Jaciara. O condutor do Peugeot 206 preto, placa de Rondon\u00f3polis, foi encaminhado a uma unidade de sa\u00fade pelo Samu.<\/p>\n<p>O acidente ocorreu na noite desta sexta-feira (19).<\/p>\n<p>De acordo com informa\u00e7\u00f5es, a\u00a0Nova Rota do Oeste foi acionada \u00e0s 18h02 desta sexta-feira (19.01.2024) para o atendimento a uma ocorr\u00eancia no km 270 da BR-364, em Jaciara, envolvendo um autom\u00f3vel e uma carreta.<\/p>\n<p>A equipe de resgate da Nova e o Samu estiveram no local. O condutor do Peugeot 206 preto, placa de Rondon\u00f3polis, foi encaminhado a uma unidade de sa\u00fade pelo Samu. Conforme relatos, o motorista machucou o rosto, quebrou a perna e segue internado em Rondon\u00f3polis.<\/p>\n<p>J\u00e1 o motorista da carreta Sc\u00e2nia G420 branca saiu ileso e assinou termo de recusa de encaminhamento m\u00e9dico.<\/p>\n<p>As informa\u00e7\u00f5es iniciais apontam para uma colis\u00e3o frontal em um trecho com faixa adicional. O tr\u00e1fego ficou em Pare e Siga at\u00e9 as 18h50.<\/p>\n<p>V\u00eddeo:<\/p>\n<p>&nbsp;<\/p>\n<blockquote class=\"instagram-media\" style=\"background: #FFF;border: 0;border-radius: 3px;margin: 1px;max-width: 658px;min-width: 326px;padding: 0;width: calc(100% - 2px)\" data-instgrm-permalink=\"https:\/\/www.instagram.com\/reel\/C2TMl-mPoC7\/?utm_source=ig_embed&amp;utm_campaign=loading\" data-instgrm-captioned=\"\" data-instgrm-version=\"14\">\n<div style=\"padding: 16px\">\n<p>&nbsp;<\/p>\n<div style=\"flex-direction: row;align-items: center\">\n<div style=\"background-color: #f4f4f4;border-radius: 50%;flex-grow: 0;height: 40px;margin-right: 14px;width: 40px\"><\/div>\n<div style=\"flex-direction: column;flex-grow: 1;justify-content: center\">\n<div style=\"background-color: #f4f4f4;border-radius: 4px;flex-grow: 0;height: 14px;margin-bottom: 6px;width: 100px\"><\/div>\n<div style=\"background-color: #f4f4f4;border-radius: 4px;flex-grow: 0;height: 14px;width: 60px\"><\/div>\n<\/div>\n<\/div>\n<div style=\"padding: 19% 0\"><\/div>\n<div style=\"height: 50px;margin: 0 auto 12px;width: 50px\"><\/div>\n<div style=\"padding-top: 8px\">\n<div style=\"color: #3897f0;font-family: Arial,sans-serif;font-size: 14px;font-style: normal;font-weight: 550;line-height: 18px\">View this post on Instagram<\/div>\n<\/div>\n<div style=\"padding: 12.5% 0\"><\/div>\n<div style=\"flex-direction: row;margin-bottom: 14px;align-items: center\">\n<div>\n<div style=\"background-color: #f4f4f4;border-radius: 50%;height: 12.5px;width: 12.5px\"><\/div>\n<div style=\"background-color: #f4f4f4;height: 12.5px;width: 12.5px;flex-grow: 0;margin-right: 14px;margin-left: 2px\"><\/div>\n<div style=\"background-color: #f4f4f4;border-radius: 50%;height: 12.5px;width: 12.5px\"><\/div>\n<\/div>\n<div style=\"margin-left: 8px\">\n<div style=\"background-color: #f4f4f4;border-radius: 50%;flex-grow: 0;height: 20px;width: 20px\"><\/div>\n<div style=\"width: 0;height: 0;border-top: 2px solid transparent;border-left: 6px solid #f4f4f4;border-bottom: 2px solid transparent\"><\/div>\n<\/div>\n<div style=\"margin-left: auto\">\n<div style=\"width: 0px;border-top: 8px solid #F4F4F4;border-right: 8px solid transparent\"><\/div>\n<div style=\"background-color: #f4f4f4;flex-grow: 0;height: 12px;width: 16px\"><\/div>\n<div style=\"width: 0;height: 0;border-top: 8px solid #F4F4F4;border-left: 8px solid transparent\"><\/div>\n<\/div>\n<\/div>\n<div style=\"flex-direction: column;flex-grow: 1;justify-content: center;margin-bottom: 24px\">\n<div style=\"background-color: #f4f4f4;border-radius: 4px;flex-grow: 0;height: 14px;margin-bottom: 6px;width: 224px\"><\/div>\n<div style=\"background-color: #f4f4f4;border-radius: 4px;flex-grow: 0;height: 14px;width: 144px\"><\/div>\n<\/div>\n<p>&nbsp;<\/p>\n<p style=\"color: #c9c8cd;font-family: Arial,sans-serif;font-size: 14px;line-height: 17px;margin-bottom: 0;margin-top: 8px;overflow: hidden;padding: 8px 0 7px;text-align: center\"><a style=\"color: #c9c8cd;font-family: Arial,sans-serif;font-size: 14px;font-style: normal;font-weight: normal;line-height: 17px;text-decoration: none\" href=\"https:\/\/www.instagram.com\/reel\/C2TMl-mPoC7\/?utm_source=ig_embed&amp;utm_campaign=loading\" target=\"_blank\" rel=\"noopener\">A post shared by Tv Do Povo Canal 22.1 (@sigaoportaldopovo)<\/a><\/p>\n<\/div>\n<\/blockquote>\n<p><script async src=\"\/\/www.instagram.com\/embed.js\"><\/script><br \/>\n<br \/><br \/>\n<br \/><a href=\"https:\/\/rgtnews.com.br\/noticias\/policia\/motorista-fica-ferido-apos-grave-colisao-com-carreta-na-br-364-video-mostra-veiculos-destruidos\/?utm_source=rss&#038;utm_medium=rss&#038;utm_campaign=motorista-fica-ferido-apos-grave-colisao-com-carreta-na-br-364-video-mostra-veiculos-destruidos\">Fonte da Noticia <\/a><\/p>\n","protected":false},"excerpt":{"rendered":"<p>Um motorista ficou ferido ap\u00f3s se envolver em um acidente com uma carreta no km 270 da BR-364, em Jaciara. O condutor do Peugeot 206 preto, placa de Rondon\u00f3polis, foi encaminhado a uma unidade de sa\u00fade pelo Samu. O acidente ocorreu na noite desta sexta-feira (19). De acordo com informa\u00e7\u00f5es, a\u00a0Nova Rota do Oeste foi [&hellip;]<\/p>\n","protected":false},"author":1,"featured_media":5127,"comment_status":"closed","ping_status":"closed","sticky":false,"template":"","format":"standard","meta":[],"categories":[1],"tags":[],"_links":{"self":[{"href":"https:\/\/ligana104.com.br\/2021\/wp-json\/wp\/v2\/posts\/5126"}],"collection":[{"href":"https:\/\/ligana104.com.br\/2021\/wp-json\/wp\/v2\/posts"}],"about":[{"href":"https:\/\/ligana104.com.br\/2021\/wp-json\/wp\/v2\/types\/post"}],"author":[{"embeddable":true,"href":"https:\/\/ligana104.com.br\/2021\/wp-json\/wp\/v2\/users\/1"}],"replies":[{"embeddable":true,"href":"https:\/\/ligana104.com.br\/2021\/wp-json\/wp\/v2\/comments?post=5126"}],"version-history":[{"count":1,"href":"https:\/\/ligana104.com.br\/2021\/wp-json\/wp\/v2\/posts\/5126\/revisions"}],"predecessor-version":[{"id":5128,"href":"https:\/\/ligana104.com.br\/2021\/wp-json\/wp\/v2\/posts\/5126\/revisions\/5128"}],"wp:featuredmedia":[{"embeddable":true,"href":"https:\/\/ligana104.com.br\/2021\/wp-json\/wp\/v2\/media\/5127"}],"wp:attachment":[{"href":"https:\/\/ligana104.com.br\/2021\/wp-json\/wp\/v2\/media?parent=5126"}],"wp:term":[{"taxonomy":"category","embeddable":true,"href":"https:\/\/ligana104.com.br\/2021\/wp-json\/wp\/v2\/categories?post=5126"},{"taxonomy":"post_tag","embeddable":true,"href":"https:\/\/ligana104.com.br\/2021\/wp-json\/wp\/v2\/tags?post=5126"}],"curies":[{"name":"wp","href":"https:\/\/api.w.org\/{rel}","templated":true}]}}