{"id":5120,"date":"2024-01-20T00:38:27","date_gmt":"2024-01-20T02:38:27","guid":{"rendered":"https:\/\/ligana104.com.br\/2021\/2024\/01\/20\/forcas-de-seguranca-apreendem-meia-tonelada-de-po-com-simbolo-do-nazismo-em-mt\/"},"modified":"2024-01-20T00:38:28","modified_gmt":"2024-01-20T02:38:28","slug":"forcas-de-seguranca-apreendem-meia-tonelada-de-po-com-simbolo-do-nazismo-em-mt","status":"publish","type":"post","link":"https:\/\/ligana104.com.br\/2021\/2024\/01\/20\/forcas-de-seguranca-apreendem-meia-tonelada-de-po-com-simbolo-do-nazismo-em-mt\/","title":{"rendered":"For\u00e7as de seguran\u00e7a apreendem meia tonelada de \u2018p\u00f3\u2019 com s\u00edmbolo do nazismo em MT"},"content":{"rendered":"<p> <br \/>\n<\/p>\n<p>Uma a\u00e7\u00e3o conjunta das for\u00e7as de seguran\u00e7a resultou na apreens\u00e3o de aproximadamente 500 kg de coca\u00edna, na tarde desta sexta-feira (19.01), no munic\u00edpio de Conquista D\u2019Oeste (530 km de Cuiab\u00e1). O entorpecente estava dividido em 15 fardos que continham a imagem da su\u00e1stica, s\u00edmbolo do nazismo.<br \/>\n<br data-reader-unique-id=\"2\" \/>A apreens\u00e3o aconteceu ap\u00f3s troca de informa\u00e7\u00f5es entre o Grupo Especial de Fronteira (Gefron), Pol\u00edcia Militar e Delegacia de Repress\u00e3o a Entorpecente (DRE), da Pol\u00edcia Federal. A partir desta integra\u00e7\u00e3o, o entorpecente foi localizado e um suspeito preso.<br data-reader-unique-id=\"3\" \/><br data-reader-unique-id=\"10\" \/>Al\u00e9m disso, as for\u00e7as de seguran\u00e7a tamb\u00e9m apreenderam duas caminhonetes e causaram aproximadamente\u00a0R$ 9 milh\u00f5es de preju\u00edzo ao tr\u00e1fico de drogas.<br data-reader-unique-id=\"11\" \/><br data-reader-unique-id=\"12\" \/>A a\u00e7\u00e3o faz parte da opera\u00e7\u00e3o Protetor das Fronteiras, deflagrada com objetivo de reprimir o tr\u00e1fico il\u00edcito de entorpecentes e descapitalizar organiza\u00e7\u00f5es criminosas que atuam na divisa entre Mato Grosso e a Bol\u00edvia.\u00a0<br data-reader-unique-id=\"13\" \/><br data-reader-unique-id=\"14\" \/>Desde 2019, o Gefron apreendeu cerca de 62,5 toneladas de entorpecentes, e garantiu o preju\u00edzo de quase R$ 1,5 bilh\u00e3o \u00e0s organiza\u00e7\u00f5es criminosas.<\/p>\n<p><br \/>\n<br \/><a href=\"https:\/\/rgtnews.com.br\/destaque\/forcas-de-seguranca-apreendem-meia-tonelada-de-po-com-simbolo-do-nazismo-em-mt\/?utm_source=rss&#038;utm_medium=rss&#038;utm_campaign=forcas-de-seguranca-apreendem-meia-tonelada-de-po-com-simbolo-do-nazismo-em-mt\">Fonte da Noticia <\/a><\/p>\n","protected":false},"excerpt":{"rendered":"<p>Uma a\u00e7\u00e3o conjunta das for\u00e7as de seguran\u00e7a resultou na apreens\u00e3o de aproximadamente 500 kg de coca\u00edna, na tarde desta sexta-feira (19.01), no munic\u00edpio de Conquista D\u2019Oeste (530 km de Cuiab\u00e1). O entorpecente estava dividido em 15 fardos que continham a imagem da su\u00e1stica, s\u00edmbolo do nazismo. A apreens\u00e3o aconteceu ap\u00f3s troca de informa\u00e7\u00f5es entre o [&hellip;]<\/p>\n","protected":false},"author":1,"featured_media":5121,"comment_status":"closed","ping_status":"closed","sticky":false,"template":"","format":"standard","meta":[],"categories":[1],"tags":[],"_links":{"self":[{"href":"https:\/\/ligana104.com.br\/2021\/wp-json\/wp\/v2\/posts\/5120"}],"collection":[{"href":"https:\/\/ligana104.com.br\/2021\/wp-json\/wp\/v2\/posts"}],"about":[{"href":"https:\/\/ligana104.com.br\/2021\/wp-json\/wp\/v2\/types\/post"}],"author":[{"embeddable":true,"href":"https:\/\/ligana104.com.br\/2021\/wp-json\/wp\/v2\/users\/1"}],"replies":[{"embeddable":true,"href":"https:\/\/ligana104.com.br\/2021\/wp-json\/wp\/v2\/comments?post=5120"}],"version-history":[{"count":1,"href":"https:\/\/ligana104.com.br\/2021\/wp-json\/wp\/v2\/posts\/5120\/revisions"}],"predecessor-version":[{"id":5122,"href":"https:\/\/ligana104.com.br\/2021\/wp-json\/wp\/v2\/posts\/5120\/revisions\/5122"}],"wp:featuredmedia":[{"embeddable":true,"href":"https:\/\/ligana104.com.br\/2021\/wp-json\/wp\/v2\/media\/5121"}],"wp:attachment":[{"href":"https:\/\/ligana104.com.br\/2021\/wp-json\/wp\/v2\/media?parent=5120"}],"wp:term":[{"taxonomy":"category","embeddable":true,"href":"https:\/\/ligana104.com.br\/2021\/wp-json\/wp\/v2\/categories?post=5120"},{"taxonomy":"post_tag","embeddable":true,"href":"https:\/\/ligana104.com.br\/2021\/wp-json\/wp\/v2\/tags?post=5120"}],"curies":[{"name":"wp","href":"https:\/\/api.w.org\/{rel}","templated":true}]}}