{"id":5114,"date":"2024-01-19T22:36:54","date_gmt":"2024-01-20T00:36:54","guid":{"rendered":"https:\/\/ligana104.com.br\/2021\/2024\/01\/19\/setrat-vai-interditar-trecho-da-avenida-julio-campos-na-manha-do-domingo-21-para-instalar-poste-de-energia\/"},"modified":"2024-01-19T22:36:55","modified_gmt":"2024-01-20T00:36:55","slug":"setrat-vai-interditar-trecho-da-avenida-julio-campos-na-manha-do-domingo-21-para-instalar-poste-de-energia","status":"publish","type":"post","link":"https:\/\/ligana104.com.br\/2021\/2024\/01\/19\/setrat-vai-interditar-trecho-da-avenida-julio-campos-na-manha-do-domingo-21-para-instalar-poste-de-energia\/","title":{"rendered":"Setrat vai interditar trecho da Avenida J\u00falio Campos na manh\u00e3 do domingo (21) para instalar poste de energia"},"content":{"rendered":"<p> <br \/>\n<\/p>\n<div id=\"infocoweb_corpo\">\n<p>A secret\u00e1ria  municipal de Transporte e Tr\u00e2nsito de Rondon\u00f3polis, Priscila Paiva  recomenda aos condutores de ve\u00edculos motorizados que fiquem atentos  ao transitarem neste domingo (21) pela avenida J\u00falio Jos\u00e9 de Campos  sentido \u201cCentro Bairro\u201d, entre as 6h da manh\u00e3 e as 13h e  obede\u00e7am a  sinaliza\u00e7\u00e3o, pois haver\u00e1 interdi\u00e7\u00e3o e mudan\u00e7a no  tr\u00e1fego nesse sentido da via, que ser\u00e1 desviado em convers\u00e3o \u00e0  direita para Rua A22-B seguindo pela Rua Maria C\u00e2ndida da Costa at\u00e9  a Avenida W20 no bairro Santa Clara.<\/p>\n<p>A raz\u00e3o da  interdi\u00e7\u00e3o e desvio do respectivo tr\u00e1fego se justifica no fato de  que a empresa Concession\u00e1ria de Energia El\u00e9trica, Energisa, far\u00e1 a  instala\u00e7\u00e3o de poste de energia, que vai ser instalado na esquina da  Avenida J\u00falio Campos com W20.<\/p>\n<p>Priscila pede a  compreens\u00e3o de todos pelo transtorno tempor\u00e1rio, e explica que a  obra \u00e9 necess\u00e1ria inclusive, para atender a demanda de moradores e  comerciantes da regi\u00e3o.<\/p>\n<p id=\"infocoweb_fonte\" class=\"infocoweb_fonte\">Fonte: <a target=\"_blank\" href=\"http:\/\/www.rondonopolis.mt.gov.br\/noticias\/setrat-vai-interditar-trecho-da-avenida-julio-campos-na-manha-do-domingo-21-para-instalar-poste-de-energia\/#9f1e0659-9511-4572-8521-daf8976cb3bb\" rel=\"noopener\">Prefeitura de Rondon\u00f3polis \u2013 MT<\/a><\/p>\n<\/div>\n<p><br \/>\n<br \/><a href=\"https:\/\/nmt.com.br\/2024\/01\/19\/setrat-vai-interditar-trecho-da-avenida-julio-campos-na-manha-do-domingo-21-para-instalar-poste-de-energia\/\">Fonte da Noticia <\/a><\/p>\n","protected":false},"excerpt":{"rendered":"<p>A secret\u00e1ria municipal de Transporte e Tr\u00e2nsito de Rondon\u00f3polis, Priscila Paiva recomenda aos condutores de ve\u00edculos motorizados que fiquem atentos ao transitarem neste domingo (21) pela avenida J\u00falio Jos\u00e9 de Campos sentido \u201cCentro Bairro\u201d, entre as 6h da manh\u00e3 e as 13h e obede\u00e7am a sinaliza\u00e7\u00e3o, pois haver\u00e1 interdi\u00e7\u00e3o e mudan\u00e7a no tr\u00e1fego nesse sentido [&hellip;]<\/p>\n","protected":false},"author":1,"featured_media":5115,"comment_status":"closed","ping_status":"closed","sticky":false,"template":"","format":"standard","meta":[],"categories":[1],"tags":[],"_links":{"self":[{"href":"https:\/\/ligana104.com.br\/2021\/wp-json\/wp\/v2\/posts\/5114"}],"collection":[{"href":"https:\/\/ligana104.com.br\/2021\/wp-json\/wp\/v2\/posts"}],"about":[{"href":"https:\/\/ligana104.com.br\/2021\/wp-json\/wp\/v2\/types\/post"}],"author":[{"embeddable":true,"href":"https:\/\/ligana104.com.br\/2021\/wp-json\/wp\/v2\/users\/1"}],"replies":[{"embeddable":true,"href":"https:\/\/ligana104.com.br\/2021\/wp-json\/wp\/v2\/comments?post=5114"}],"version-history":[{"count":1,"href":"https:\/\/ligana104.com.br\/2021\/wp-json\/wp\/v2\/posts\/5114\/revisions"}],"predecessor-version":[{"id":5116,"href":"https:\/\/ligana104.com.br\/2021\/wp-json\/wp\/v2\/posts\/5114\/revisions\/5116"}],"wp:featuredmedia":[{"embeddable":true,"href":"https:\/\/ligana104.com.br\/2021\/wp-json\/wp\/v2\/media\/5115"}],"wp:attachment":[{"href":"https:\/\/ligana104.com.br\/2021\/wp-json\/wp\/v2\/media?parent=5114"}],"wp:term":[{"taxonomy":"category","embeddable":true,"href":"https:\/\/ligana104.com.br\/2021\/wp-json\/wp\/v2\/categories?post=5114"},{"taxonomy":"post_tag","embeddable":true,"href":"https:\/\/ligana104.com.br\/2021\/wp-json\/wp\/v2\/tags?post=5114"}],"curies":[{"name":"wp","href":"https:\/\/api.w.org\/{rel}","templated":true}]}}