{"id":5111,"date":"2024-01-19T21:36:08","date_gmt":"2024-01-19T23:36:08","guid":{"rendered":"https:\/\/ligana104.com.br\/2021\/2024\/01\/19\/pai-que-estuprava-a-propria-filha-menor-de-idade-e-preso-no-interior-de-mt\/"},"modified":"2024-01-19T21:36:08","modified_gmt":"2024-01-19T23:36:08","slug":"pai-que-estuprava-a-propria-filha-menor-de-idade-e-preso-no-interior-de-mt","status":"publish","type":"post","link":"https:\/\/ligana104.com.br\/2021\/2024\/01\/19\/pai-que-estuprava-a-propria-filha-menor-de-idade-e-preso-no-interior-de-mt\/","title":{"rendered":"Pai que estuprava a pr\u00f3pria filha menor de idade \u00e9 preso no interior de MT"},"content":{"rendered":"<p> <br \/>\n<\/p>\n<p>A Pol\u00edcia Civil prendeu na quinta-feira (18.01), em Quer\u00eancia, regi\u00e3o nordeste do estado, um homem de 40 anos que vinha h\u00e1 dois anos abusando da filha adolescente.<\/p>\n<p>A Delegacia de Quer\u00eancia recebeu na quinta-feira o registro da ocorr\u00eancia feito pela m\u00e3e da v\u00edtima. A adolescente contou a uma prima sobre os abusos, que a incentivou a falar para a m\u00e3e o que vinha ocorrendo. Ent\u00e3o, a m\u00e3e da adolescente procurou o Conselho Tutelar da cidade, onde foi acolhida e orientada a registrar o boletim de ocorr\u00eancia.<\/p>\n<p>A partir da comunica\u00e7\u00e3o, o delegado Dionys Zanotelli dilig\u00eancias necess\u00e1rias e a adolescente contou que os abusos sexuais iniciaram quando ela tinha 14 anos e perduraram at\u00e9 setembro de do ano passado, quando ela viajou. Ap\u00f3s a v\u00edtima retornar da viagem, o pai tentou retomar os abusos sexuais.<\/p>\n<p>Diante dos elementos informativos coletados, a Pol\u00edcia Civil encaminhou representa\u00e7\u00e3o pela pris\u00e3o preventiva do pai da adolescente pelo crime de estupro, que foi cumprida ainda na quinta-feira.<\/p>\n<p>Nesta sexta-feira, o investigado foi encaminhado \u00e0 Penitenci\u00e1ria Major Zuz Alves da Silva, em \u00c1gua Boa, onde aguardar\u00e1 o curso do inqu\u00e9rito.<\/p>\n<p><br \/>\n<br \/><a href=\"https:\/\/rgtnews.com.br\/noticias\/policia\/pai-que-estuprava-a-propria-filha-menor-de-idade-e-preso-no-interior-de-mt\/?utm_source=rss&#038;utm_medium=rss&#038;utm_campaign=pai-que-estuprava-a-propria-filha-menor-de-idade-e-preso-no-interior-de-mt\">Fonte da Noticia <\/a><\/p>\n","protected":false},"excerpt":{"rendered":"<p>A Pol\u00edcia Civil prendeu na quinta-feira (18.01), em Quer\u00eancia, regi\u00e3o nordeste do estado, um homem de 40 anos que vinha h\u00e1 dois anos abusando da filha adolescente. A Delegacia de Quer\u00eancia recebeu na quinta-feira o registro da ocorr\u00eancia feito pela m\u00e3e da v\u00edtima. A adolescente contou a uma prima sobre os abusos, que a incentivou [&hellip;]<\/p>\n","protected":false},"author":1,"featured_media":5112,"comment_status":"closed","ping_status":"closed","sticky":false,"template":"","format":"standard","meta":[],"categories":[1],"tags":[],"_links":{"self":[{"href":"https:\/\/ligana104.com.br\/2021\/wp-json\/wp\/v2\/posts\/5111"}],"collection":[{"href":"https:\/\/ligana104.com.br\/2021\/wp-json\/wp\/v2\/posts"}],"about":[{"href":"https:\/\/ligana104.com.br\/2021\/wp-json\/wp\/v2\/types\/post"}],"author":[{"embeddable":true,"href":"https:\/\/ligana104.com.br\/2021\/wp-json\/wp\/v2\/users\/1"}],"replies":[{"embeddable":true,"href":"https:\/\/ligana104.com.br\/2021\/wp-json\/wp\/v2\/comments?post=5111"}],"version-history":[{"count":1,"href":"https:\/\/ligana104.com.br\/2021\/wp-json\/wp\/v2\/posts\/5111\/revisions"}],"predecessor-version":[{"id":5113,"href":"https:\/\/ligana104.com.br\/2021\/wp-json\/wp\/v2\/posts\/5111\/revisions\/5113"}],"wp:featuredmedia":[{"embeddable":true,"href":"https:\/\/ligana104.com.br\/2021\/wp-json\/wp\/v2\/media\/5112"}],"wp:attachment":[{"href":"https:\/\/ligana104.com.br\/2021\/wp-json\/wp\/v2\/media?parent=5111"}],"wp:term":[{"taxonomy":"category","embeddable":true,"href":"https:\/\/ligana104.com.br\/2021\/wp-json\/wp\/v2\/categories?post=5111"},{"taxonomy":"post_tag","embeddable":true,"href":"https:\/\/ligana104.com.br\/2021\/wp-json\/wp\/v2\/tags?post=5111"}],"curies":[{"name":"wp","href":"https:\/\/api.w.org\/{rel}","templated":true}]}}