{"id":5105,"date":"2024-01-19T19:18:16","date_gmt":"2024-01-19T21:18:16","guid":{"rendered":"https:\/\/ligana104.com.br\/2021\/2024\/01\/19\/deputado-claudio-ferreira-e-vereador-paulo-schuh-cobram-do-governador-asfalto-para-o-bairro-sagrada-familia\/"},"modified":"2024-01-19T19:18:17","modified_gmt":"2024-01-19T21:18:17","slug":"deputado-claudio-ferreira-e-vereador-paulo-schuh-cobram-do-governador-asfalto-para-o-bairro-sagrada-familia","status":"publish","type":"post","link":"https:\/\/ligana104.com.br\/2021\/2024\/01\/19\/deputado-claudio-ferreira-e-vereador-paulo-schuh-cobram-do-governador-asfalto-para-o-bairro-sagrada-familia\/","title":{"rendered":"Deputado Cl\u00e1udio Ferreira e vereador Paulo Schuh cobram do governador asfalto para o bairro Sagrada Fam\u00edlia"},"content":{"rendered":"<p> <br \/>\n<\/p>\n<p>O deputado estadual Cl\u00e1udio Ferreira (PL) e o vereador de Rondon\u00f3polis Paulo Schuh (DC) se reuniram nesta quinta-feira (18) com o governador Mauro Mendes (Uni\u00e3o) para levar algumas demandas de Rondon\u00f3polis e regi\u00e3o. Durante o encontro, os parlamentares cobraram do Governo Estadual as obras de asfaltamento do bairro Sagrada Fam\u00edlia.<\/p>\n<p>\u201cEssa \u00e9 uma importante obra que levar\u00e1 qualidade de vida e desenvolvimento para os moradores n\u00e3o s\u00f3 do residencial, mas tamb\u00e9m dos bairros pr\u00f3ximos. Por isso, pedimos ao governador, que nos ouviu prontamente, que os conv\u00eanios necess\u00e1rios para levar asfalto a 100% do bairro sejam assinados\u201d, disse o deputado Cl\u00e1udio Paisagista, como \u00e9 conhecido.<\/p>\n<p>Al\u00e9m do vereador Paulo Schuh, participaram da reuni\u00e3o o vereador Clayton Ferreira de Pedra Preta (DC) e a vereadora Kalynka Meirelles (Republicanos) de Rondon\u00f3polis, a parlamentar indicou ao Governo Estadual a necessidade da cria\u00e7\u00e3o de uma Sala Lil\u00e1s no munic\u00edpio, segundo ela, o \u00edndice de feminic\u00eddio na cidade vem aumentando a necessidade da amplia\u00e7\u00e3o de medidas de prote\u00e7\u00e3o \u00e0 mulher no Centro Integrado de Seguran\u00e7a e Cidadania-CISC.<\/p>\n<p>O vereador Clayton, por sua vez, explicou a necessidade de uma Escola do modelo c\u00edvico-militar para atender Pedra Preta.<\/p>\n<p>\u201cEsta \u00e9 uma importante reuni\u00e3o, que demonstra a abertura do Governo Estadual em ouvir as demandas dos munic\u00edpios da regi\u00e3o Sul. Vamos trabalhar junto aos parlamentares dos legislativos municipais para levar cada vez mais desenvolvimento para nossas cidades\u201d, declarou Cl\u00e1udio Ferreira.<\/p>\n<p><br \/>\n<br \/><a href=\"https:\/\/rgtnews.com.br\/destaque\/deputado-claudio-ferreira-e-vereador-paulo-schuh-cobram-do-governador-asfalto-para-o-bairro-sagrada-familia\/?utm_source=rss&#038;utm_medium=rss&#038;utm_campaign=deputado-claudio-ferreira-e-vereador-paulo-schuh-cobram-do-governador-asfalto-para-o-bairro-sagrada-familia\">Fonte da Noticia <\/a><\/p>\n","protected":false},"excerpt":{"rendered":"<p>O deputado estadual Cl\u00e1udio Ferreira (PL) e o vereador de Rondon\u00f3polis Paulo Schuh (DC) se reuniram nesta quinta-feira (18) com o governador Mauro Mendes (Uni\u00e3o) para levar algumas demandas de Rondon\u00f3polis e regi\u00e3o. Durante o encontro, os parlamentares cobraram do Governo Estadual as obras de asfaltamento do bairro Sagrada Fam\u00edlia. \u201cEssa \u00e9 uma importante obra [&hellip;]<\/p>\n","protected":false},"author":1,"featured_media":5106,"comment_status":"closed","ping_status":"closed","sticky":false,"template":"","format":"standard","meta":[],"categories":[1],"tags":[],"_links":{"self":[{"href":"https:\/\/ligana104.com.br\/2021\/wp-json\/wp\/v2\/posts\/5105"}],"collection":[{"href":"https:\/\/ligana104.com.br\/2021\/wp-json\/wp\/v2\/posts"}],"about":[{"href":"https:\/\/ligana104.com.br\/2021\/wp-json\/wp\/v2\/types\/post"}],"author":[{"embeddable":true,"href":"https:\/\/ligana104.com.br\/2021\/wp-json\/wp\/v2\/users\/1"}],"replies":[{"embeddable":true,"href":"https:\/\/ligana104.com.br\/2021\/wp-json\/wp\/v2\/comments?post=5105"}],"version-history":[{"count":1,"href":"https:\/\/ligana104.com.br\/2021\/wp-json\/wp\/v2\/posts\/5105\/revisions"}],"predecessor-version":[{"id":5107,"href":"https:\/\/ligana104.com.br\/2021\/wp-json\/wp\/v2\/posts\/5105\/revisions\/5107"}],"wp:featuredmedia":[{"embeddable":true,"href":"https:\/\/ligana104.com.br\/2021\/wp-json\/wp\/v2\/media\/5106"}],"wp:attachment":[{"href":"https:\/\/ligana104.com.br\/2021\/wp-json\/wp\/v2\/media?parent=5105"}],"wp:term":[{"taxonomy":"category","embeddable":true,"href":"https:\/\/ligana104.com.br\/2021\/wp-json\/wp\/v2\/categories?post=5105"},{"taxonomy":"post_tag","embeddable":true,"href":"https:\/\/ligana104.com.br\/2021\/wp-json\/wp\/v2\/tags?post=5105"}],"curies":[{"name":"wp","href":"https:\/\/api.w.org\/{rel}","templated":true}]}}