{"id":5102,"date":"2024-01-19T18:13:00","date_gmt":"2024-01-19T20:13:00","guid":{"rendered":"https:\/\/ligana104.com.br\/2021\/2024\/01\/19\/ao-lado-de-claudio-ferreira-vereadores-levam-demandas-da-regiao-a-mauro-mendes\/"},"modified":"2024-01-19T18:13:04","modified_gmt":"2024-01-19T20:13:04","slug":"ao-lado-de-claudio-ferreira-vereadores-levam-demandas-da-regiao-a-mauro-mendes","status":"publish","type":"post","link":"https:\/\/ligana104.com.br\/2021\/2024\/01\/19\/ao-lado-de-claudio-ferreira-vereadores-levam-demandas-da-regiao-a-mauro-mendes\/","title":{"rendered":"Ao lado de Cl\u00e1udio Ferreira, vereadores levam demandas da regi\u00e3o a Mauro Mendes"},"content":{"rendered":"<p> <br \/>\n<\/p>\n<div>\n<div class=\"td-post-featured-image\"><\/div>\n<p>O deputado estadual Cl\u00e1udio Ferreira (PL) se reuniu nesta quinta-feira (18) com o Governador Mauro Mendes (Uni\u00e3o) e liderou a comitiva de vereadores Paulo Schuh (DC) e vereadora Kalynka Meirelles (Republicanos) de Rondon\u00f3polis e o vereador Clayton Ferreira de Pedra Preta (DC), para debater as demandas da regi\u00e3o Sul.<\/p>\n<p>O vereador Paulo Schuh, junto ao deputado estadual, refor\u00e7ou o pedido para o andamento das obras que levar\u00e3o asfalto para 100% das ruas do bairro Sagrada Fam\u00edlia em Rondon\u00f3polis.<\/p>\n<p>\u201cLevamos ao governador o pedido para que os conv\u00eanios necess\u00e1rios para as obras do asfalto no bairro Sagrada Fam\u00edlia sejam assinados e enfatizamos a necessidade do investimento na infraestrutura na regi\u00e3o\u201d, disse o deputado Cl\u00e1udio Ferreira.<\/p>\n<p>Durante a reuni\u00e3o, a vereadora Kalynka tamb\u00e9m indicou ao Governo Estadual a necessidade da cria\u00e7\u00e3o de uma Sala Lil\u00e1s em Rondon\u00f3polis, segundo ela, o \u00edndice de feminic\u00eddio na cidade vem aumentando a necessidade da amplia\u00e7\u00e3o de medidas de prote\u00e7\u00e3o \u00e0 mulher no Centro Integrado de Seguran\u00e7a e Cidadania-CISC.<\/p>\n<p>O vereador Clayton, de Pedra Preta, por sua vez, explicou a necessidade de uma Escola do modelo c\u00edvico-militar para atender o munic\u00edpio.<\/p>\n<p>\u201cEsta \u00e9 uma importante reuni\u00e3o, que demonstra a abertura do Governo Estadual em ouvir as demandas dos munic\u00edpios da regi\u00e3o Sul. Vamos trabalhar junto aos parlamentares dos legislativos municipais para levar cada vez mais desenvolvimento para nossas cidades\u201d, declarou Cl\u00e1udio Paisagista, como \u00e9 conhecido.<\/p>\n<\/p><\/div>\n<p><br \/>\n<br \/><a href=\"https:\/\/nmt.com.br\/2024\/01\/19\/ao-lado-de-claudio-ferreira-vereadores-levam-demandas-da-regiao-a-mauro-mendes\/\">Fonte da Noticia <\/a><\/p>\n","protected":false},"excerpt":{"rendered":"<p>O deputado estadual Cl\u00e1udio Ferreira (PL) se reuniu nesta quinta-feira (18) com o Governador Mauro Mendes (Uni\u00e3o) e liderou a comitiva de vereadores Paulo Schuh (DC) e vereadora Kalynka Meirelles (Republicanos) de Rondon\u00f3polis e o vereador Clayton Ferreira de Pedra Preta (DC), para debater as demandas da regi\u00e3o Sul. O vereador Paulo Schuh, junto ao [&hellip;]<\/p>\n","protected":false},"author":1,"featured_media":5103,"comment_status":"closed","ping_status":"closed","sticky":false,"template":"","format":"standard","meta":[],"categories":[1],"tags":[],"_links":{"self":[{"href":"https:\/\/ligana104.com.br\/2021\/wp-json\/wp\/v2\/posts\/5102"}],"collection":[{"href":"https:\/\/ligana104.com.br\/2021\/wp-json\/wp\/v2\/posts"}],"about":[{"href":"https:\/\/ligana104.com.br\/2021\/wp-json\/wp\/v2\/types\/post"}],"author":[{"embeddable":true,"href":"https:\/\/ligana104.com.br\/2021\/wp-json\/wp\/v2\/users\/1"}],"replies":[{"embeddable":true,"href":"https:\/\/ligana104.com.br\/2021\/wp-json\/wp\/v2\/comments?post=5102"}],"version-history":[{"count":1,"href":"https:\/\/ligana104.com.br\/2021\/wp-json\/wp\/v2\/posts\/5102\/revisions"}],"predecessor-version":[{"id":5104,"href":"https:\/\/ligana104.com.br\/2021\/wp-json\/wp\/v2\/posts\/5102\/revisions\/5104"}],"wp:featuredmedia":[{"embeddable":true,"href":"https:\/\/ligana104.com.br\/2021\/wp-json\/wp\/v2\/media\/5103"}],"wp:attachment":[{"href":"https:\/\/ligana104.com.br\/2021\/wp-json\/wp\/v2\/media?parent=5102"}],"wp:term":[{"taxonomy":"category","embeddable":true,"href":"https:\/\/ligana104.com.br\/2021\/wp-json\/wp\/v2\/categories?post=5102"},{"taxonomy":"post_tag","embeddable":true,"href":"https:\/\/ligana104.com.br\/2021\/wp-json\/wp\/v2\/tags?post=5102"}],"curies":[{"name":"wp","href":"https:\/\/api.w.org\/{rel}","templated":true}]}}