{"id":5099,"date":"2024-01-19T17:04:08","date_gmt":"2024-01-19T19:04:08","guid":{"rendered":"https:\/\/ligana104.com.br\/2021\/2024\/01\/19\/servidor-da-oab-e-flagrado-na-cama-com-garoto-de-programa-durante-operacao-da-policia-civil-veja\/"},"modified":"2024-01-19T17:04:09","modified_gmt":"2024-01-19T19:04:09","slug":"servidor-da-oab-e-flagrado-na-cama-com-garoto-de-programa-durante-operacao-da-policia-civil-veja","status":"publish","type":"post","link":"https:\/\/ligana104.com.br\/2021\/2024\/01\/19\/servidor-da-oab-e-flagrado-na-cama-com-garoto-de-programa-durante-operacao-da-policia-civil-veja\/","title":{"rendered":"Servidor da OAB \u00e9 flagrado na cama com garoto de programa durante opera\u00e7\u00e3o da Pol\u00edcia Civil; VEJA"},"content":{"rendered":"<p> <br \/>\n<\/p>\n<div>\n<p data-reader-unique-id=\"1\">Preso em flagrante na manh\u00e3 desta sexta-feira (19\/1) por tr\u00e1fico de drogas, um servidor do Conselho Federal da Ordem dos Advogados do Brasil (OAB) foi surpreendido por policiais da 5\u00aa Delegacia de Pol\u00edcia (\u00e1rea central) no momento em que estava na cama com um garoto de programa.<\/p>\n<p data-reader-unique-id=\"2\">O homem, de 58 anos, \u00e9 suspeito de traficar drogas em seu apartamento, situado em um flat \u00e0s margens do Lago Parano\u00e1, no Setor de Hot\u00e9is e Turismo Norte.<\/p>\n<p data-reader-unique-id=\"13\">O autor passou a ser investigado ap\u00f3s a delegacia receber den\u00fancias an\u00f4nimas informando que ele estaria comercializando drogas e se preparava para fornecer entorpecentes em uma festa programada para ocorrer no pr\u00f3ximo domingo (21\/1).<\/p>\n<p data-reader-unique-id=\"37\">De acordo com a pol\u00edcia, o autor seria respons\u00e1vel pela comercializa\u00e7\u00e3o de coca\u00edna, Ketamina \u2013 anest\u00e9sico geral utilizado em procedimentos veterin\u00e1rios cir\u00fargicos, utilizada por usu\u00e1rios como droga recreativa devido aos efeitos alucin\u00f3genos que ela causa \u2013 , GBH ou Ecstasy L\u00edquido \u2013 droga que proporciona aos usu\u00e1rios uma sensa\u00e7\u00e3o de euforia e que aumenta o desejo sexual.<\/p>\n<figure data-reader-unique-id=\"38\"><picture data-reader-unique-id=\"39\"><source srcset=\"https:\/\/terrabrasilnoticias.com\/wp-content\/uploads\/2024\/01\/image-294-1024x683.png.webp 1024w, https:\/\/terrabrasilnoticias.com\/wp-content\/uploads\/2024\/01\/image-294-300x200.png.webp 300w, https:\/\/terrabrasilnoticias.com\/wp-content\/uploads\/2024\/01\/image-294-768x512.png.webp 768w, https:\/\/terrabrasilnoticias.com\/wp-content\/uploads\/2024\/01\/image-294-750x500.png.webp 750w, https:\/\/terrabrasilnoticias.com\/wp-content\/uploads\/2024\/01\/image-294-1140x760.png.webp 1140w, https:\/\/terrabrasilnoticias.com\/wp-content\/uploads\/2024\/01\/image-294.png.webp 1200w\" type=\"image\/webp\" sizes=\"(max-width: 1024px) 100vw, 1024px\" data-reader-unique-id=\"40\"\/><\/picture><\/figure>\n<figure data-reader-unique-id=\"42\"><picture data-reader-unique-id=\"43\"><source srcset=\"https:\/\/terrabrasilnoticias.com\/wp-content\/uploads\/2024\/01\/image-295-1024x683.png.webp 1024w, https:\/\/terrabrasilnoticias.com\/wp-content\/uploads\/2024\/01\/image-295-300x200.png.webp 300w, https:\/\/terrabrasilnoticias.com\/wp-content\/uploads\/2024\/01\/image-295-768x512.png.webp 768w, https:\/\/terrabrasilnoticias.com\/wp-content\/uploads\/2024\/01\/image-295-750x500.png.webp 750w, https:\/\/terrabrasilnoticias.com\/wp-content\/uploads\/2024\/01\/image-295-1140x760.png.webp 1140w, https:\/\/terrabrasilnoticias.com\/wp-content\/uploads\/2024\/01\/image-295.png.webp 1200w\" type=\"image\/webp\" sizes=\"(max-width: 1024px) 100vw, 1024px\" data-reader-unique-id=\"44\"\/><img loading=\"lazy\" decoding=\"async\" class=\"extendsBeyondTextColumn\" sizes=\"(max-width: 1024px) 100vw, 1024px\" srcset=\"https:\/\/terrabrasilnoticias.com\/wp-content\/uploads\/2024\/01\/image-295-1024x683.png 1024w, https:\/\/terrabrasilnoticias.com\/wp-content\/uploads\/2024\/01\/image-295-300x200.png 300w, https:\/\/terrabrasilnoticias.com\/wp-content\/uploads\/2024\/01\/image-295-768x512.png 768w, https:\/\/terrabrasilnoticias.com\/wp-content\/uploads\/2024\/01\/image-295-750x500.png 750w, https:\/\/terrabrasilnoticias.com\/wp-content\/uploads\/2024\/01\/image-295-1140x760.png 1140w, https:\/\/terrabrasilnoticias.com\/wp-content\/uploads\/2024\/01\/image-295.png 1200w\" alt=\"\" width=\"1024\" height=\"683\" src=\"https:\/\/terrabrasilnoticias.com\/wp-content\/uploads\/2024\/01\/image-295-1024x683.png\" data-pin-no-hover=\"true\" data-reader-unique-id=\"45\"\/><\/picture><\/figure>\n<figure data-reader-unique-id=\"46\"><picture data-reader-unique-id=\"47\"><source srcset=\"https:\/\/terrabrasilnoticias.com\/wp-content\/uploads\/2024\/01\/image-296-1024x683.png.webp 1024w, https:\/\/terrabrasilnoticias.com\/wp-content\/uploads\/2024\/01\/image-296-300x200.png.webp 300w, https:\/\/terrabrasilnoticias.com\/wp-content\/uploads\/2024\/01\/image-296-768x512.png.webp 768w, https:\/\/terrabrasilnoticias.com\/wp-content\/uploads\/2024\/01\/image-296-750x500.png.webp 750w, https:\/\/terrabrasilnoticias.com\/wp-content\/uploads\/2024\/01\/image-296-1140x760.png.webp 1140w, https:\/\/terrabrasilnoticias.com\/wp-content\/uploads\/2024\/01\/image-296.png.webp 1200w\" type=\"image\/webp\" sizes=\"(max-width: 1024px) 100vw, 1024px\" data-reader-unique-id=\"48\"\/><img loading=\"lazy\" decoding=\"async\" class=\"extendsBeyondTextColumn\" sizes=\"(max-width: 1024px) 100vw, 1024px\" srcset=\"https:\/\/terrabrasilnoticias.com\/wp-content\/uploads\/2024\/01\/image-296-1024x683.png 1024w, https:\/\/terrabrasilnoticias.com\/wp-content\/uploads\/2024\/01\/image-296-300x200.png 300w, https:\/\/terrabrasilnoticias.com\/wp-content\/uploads\/2024\/01\/image-296-768x512.png 768w, https:\/\/terrabrasilnoticias.com\/wp-content\/uploads\/2024\/01\/image-296-750x500.png 750w, https:\/\/terrabrasilnoticias.com\/wp-content\/uploads\/2024\/01\/image-296-1140x760.png 1140w, https:\/\/terrabrasilnoticias.com\/wp-content\/uploads\/2024\/01\/image-296.png 1200w\" alt=\"\" width=\"1024\" height=\"683\" src=\"https:\/\/terrabrasilnoticias.com\/wp-content\/uploads\/2024\/01\/image-296-1024x683.png\" data-pin-no-hover=\"true\" data-reader-unique-id=\"49\"\/><\/picture><\/figure>\n<figure data-reader-unique-id=\"50\"><picture data-reader-unique-id=\"51\"><source srcset=\"https:\/\/terrabrasilnoticias.com\/wp-content\/uploads\/2024\/01\/image-297-1024x683.png.webp 1024w, https:\/\/terrabrasilnoticias.com\/wp-content\/uploads\/2024\/01\/image-297-300x200.png.webp 300w, https:\/\/terrabrasilnoticias.com\/wp-content\/uploads\/2024\/01\/image-297-768x512.png.webp 768w, https:\/\/terrabrasilnoticias.com\/wp-content\/uploads\/2024\/01\/image-297-750x500.png.webp 750w, https:\/\/terrabrasilnoticias.com\/wp-content\/uploads\/2024\/01\/image-297-1140x760.png.webp 1140w, https:\/\/terrabrasilnoticias.com\/wp-content\/uploads\/2024\/01\/image-297.png.webp 1200w\" type=\"image\/webp\" sizes=\"(max-width: 1024px) 100vw, 1024px\" data-reader-unique-id=\"52\"\/><img loading=\"lazy\" decoding=\"async\" class=\"extendsBeyondTextColumn\" sizes=\"(max-width: 1024px) 100vw, 1024px\" srcset=\"https:\/\/terrabrasilnoticias.com\/wp-content\/uploads\/2024\/01\/image-297-1024x683.png 1024w, https:\/\/terrabrasilnoticias.com\/wp-content\/uploads\/2024\/01\/image-297-300x200.png 300w, https:\/\/terrabrasilnoticias.com\/wp-content\/uploads\/2024\/01\/image-297-768x512.png 768w, https:\/\/terrabrasilnoticias.com\/wp-content\/uploads\/2024\/01\/image-297-750x500.png 750w, https:\/\/terrabrasilnoticias.com\/wp-content\/uploads\/2024\/01\/image-297-1140x760.png 1140w, https:\/\/terrabrasilnoticias.com\/wp-content\/uploads\/2024\/01\/image-297.png 1200w\" alt=\"\" width=\"1024\" height=\"683\" src=\"https:\/\/terrabrasilnoticias.com\/wp-content\/uploads\/2024\/01\/image-297-1024x683.png\" data-pin-no-hover=\"true\" data-reader-unique-id=\"53\"\/><\/picture><\/figure>\n<p data-reader-unique-id=\"63\">Durante as buscas realizadas na casa do suspeito, os policiais encontraram frascos de Ketamina, comprimidos de drogas sint\u00e9ticas e um frasco contendo lidoca\u00edna. Ainda segundo a pol\u00edcia, o servidor tinha o costume de se relacionar com garotos e garotas de programa e intermediava, para eles, a aquisi\u00e7\u00e3o de drogas junto aos seus fornecedores.<\/p>\n<p data-reader-unique-id=\"72\">O homem tamb\u00e9m tinha costume de realizar festas sexuais em seu apartamento, ocasi\u00e3o em que compartilhava drogas com os demais participantes, relatou a PCDF. Ap\u00f3s a realiza\u00e7\u00e3o da busca, o servidor foi conduzido \u00e0 5\u00aa DP, onde foi preso em flagrante por tr\u00e1fico de drogas.<\/p>\n<h4 data-reader-unique-id=\"73\">Processo disciplinar<\/h4>\n<p data-reader-unique-id=\"74\">Em nota, o Conselho Federal da OAB informou que soube Metr\u00f3poles e, depois, por comunicado enviado \u00e0 imprensa pela Pol\u00edcia Civil do DF, que um homem, \u201csupostamente colaborador da entidade\u201d, foi preso.<\/p>\n<p data-reader-unique-id=\"80\">\u201cA OAB n\u00e3o recebeu qualquer comunicado oficial sobre a pris\u00e3o e j\u00e1 solicitou \u00e0 Pol\u00edcia Civil mais informa\u00e7\u00f5es sobre o caso e sobre o motivo de o nome do CFOAB ter sido envolvido em epis\u00f3dio que nada tem a ver com a atua\u00e7\u00e3o da institui\u00e7\u00e3o\u201d, acrescentou.<\/p>\n<blockquote data-reader-unique-id=\"81\">\n<p data-reader-unique-id=\"82\">\u201cCom rela\u00e7\u00e3o ao suposto funcion\u00e1rio, se os fatos forem confirmados, a OAB abrir\u00e1 procedimento disciplinar interno que poder\u00e1 resultar em demiss\u00e3o, ap\u00f3s ele ter acesso \u00e0 ampla defesa e contradit\u00f3rio.\u201d<\/p>\n<\/blockquote>\n<p data-reader-unique-id=\"82\">Assista:<\/p>\n<blockquote class=\"twitter-tweet\" data-dnt=\"true\">\n<p dir=\"ltr\" lang=\"pt\">Servidor da OAB \u00e9 flagrado na cama com garoto de programa durante opera\u00e7\u00e3o da PCDF <a href=\"https:\/\/t.co\/tCQsQoa2Qx\">pic.twitter.com\/tCQsQoa2Qx<\/a><\/p>\n<p>\u2014 Diario do Brasil Not\u00edcias (@diariobrasil_n) <a href=\"https:\/\/twitter.com\/diariobrasil_n\/status\/1748362321657811376?ref_src=twsrc%5Etfw\">January 19, 2024<\/a><\/p>\n<\/blockquote><\/div>\n<p><script async src=\"\/\/platform.twitter.com\/widgets.js\" charset=\"utf-8\"><\/script><br \/>\n<br \/><br \/>\n<br \/><a href=\"https:\/\/rgtnews.com.br\/noticias\/variedades\/servidor-da-oab-e-flagrado-na-cama-com-garoto-de-programa-durante-operacao-da-policia-civil-veja\/?utm_source=rss&#038;utm_medium=rss&#038;utm_campaign=servidor-da-oab-e-flagrado-na-cama-com-garoto-de-programa-durante-operacao-da-policia-civil-veja\">Fonte da Noticia <\/a><\/p>\n","protected":false},"excerpt":{"rendered":"<p>Preso em flagrante na manh\u00e3 desta sexta-feira (19\/1) por tr\u00e1fico de drogas, um servidor do Conselho Federal da Ordem dos Advogados do Brasil (OAB) foi surpreendido por policiais da 5\u00aa Delegacia de Pol\u00edcia (\u00e1rea central) no momento em que estava na cama com um garoto de programa. O homem, de 58 anos, \u00e9 suspeito de [&hellip;]<\/p>\n","protected":false},"author":1,"featured_media":5100,"comment_status":"closed","ping_status":"closed","sticky":false,"template":"","format":"standard","meta":[],"categories":[1],"tags":[],"_links":{"self":[{"href":"https:\/\/ligana104.com.br\/2021\/wp-json\/wp\/v2\/posts\/5099"}],"collection":[{"href":"https:\/\/ligana104.com.br\/2021\/wp-json\/wp\/v2\/posts"}],"about":[{"href":"https:\/\/ligana104.com.br\/2021\/wp-json\/wp\/v2\/types\/post"}],"author":[{"embeddable":true,"href":"https:\/\/ligana104.com.br\/2021\/wp-json\/wp\/v2\/users\/1"}],"replies":[{"embeddable":true,"href":"https:\/\/ligana104.com.br\/2021\/wp-json\/wp\/v2\/comments?post=5099"}],"version-history":[{"count":1,"href":"https:\/\/ligana104.com.br\/2021\/wp-json\/wp\/v2\/posts\/5099\/revisions"}],"predecessor-version":[{"id":5101,"href":"https:\/\/ligana104.com.br\/2021\/wp-json\/wp\/v2\/posts\/5099\/revisions\/5101"}],"wp:featuredmedia":[{"embeddable":true,"href":"https:\/\/ligana104.com.br\/2021\/wp-json\/wp\/v2\/media\/5100"}],"wp:attachment":[{"href":"https:\/\/ligana104.com.br\/2021\/wp-json\/wp\/v2\/media?parent=5099"}],"wp:term":[{"taxonomy":"category","embeddable":true,"href":"https:\/\/ligana104.com.br\/2021\/wp-json\/wp\/v2\/categories?post=5099"},{"taxonomy":"post_tag","embeddable":true,"href":"https:\/\/ligana104.com.br\/2021\/wp-json\/wp\/v2\/tags?post=5099"}],"curies":[{"name":"wp","href":"https:\/\/api.w.org\/{rel}","templated":true}]}}