{"id":5090,"date":"2024-01-19T13:45:16","date_gmt":"2024-01-19T15:45:16","guid":{"rendered":"https:\/\/ligana104.com.br\/2021\/2024\/01\/19\/comerciarios-de-rondonopolis-tem-novo-salario\/"},"modified":"2024-01-19T13:45:17","modified_gmt":"2024-01-19T15:45:17","slug":"comerciarios-de-rondonopolis-tem-novo-salario","status":"publish","type":"post","link":"https:\/\/ligana104.com.br\/2021\/2024\/01\/19\/comerciarios-de-rondonopolis-tem-novo-salario\/","title":{"rendered":"Comerci\u00e1rios de Rondon\u00f3polis tem novo sal\u00e1rio"},"content":{"rendered":"<p> <br \/>\n<\/p>\n<div>\n<p>A Conven\u00e7\u00e3o Coletiva 2024 do com\u00e9rcio de Rondon\u00f3polis foi assinada na manh\u00e3 desta sexta-feira (19\/01) pelos sindicatos patronal e laboral<\/p>\n<p>Nesta sexta-feira (19\/01), a diretoria o Sindicato Patronal do Com\u00e9rcio Varejista de Rondon\u00f3polis (Sincom-Roo) realizou em sua sede, uma reuni\u00e3o de celebra\u00e7\u00e3o do acordo da Conven\u00e7\u00e3o Coletiva de Trabalho 2024 (CCT), com a participa\u00e7\u00e3o de representantes do Sindicato dos Empregados no Com\u00e9rcio de Rondon\u00f3polis (Secro), onde ficou definido o reajuste salarial da categoria e o novo hor\u00e1rio de funcionamento do com\u00e9rcio em feriados facultativos.<\/p>\n<p>Para o presidente do Sincom-Roo, Geovane Reis Sales, mais uma vez a celeridade e bom senso das partes envolvidas na elabora\u00e7\u00e3o da Conven\u00e7\u00e3o Coletiva de Trabalho do com\u00e9rcio foi a marca positiva do processo. \u201cMais um ano que n\u00f3s temos um bom entendimento entre a nossa diretoria e os dirigentes sindicais na pessoa do Lucas, que representam os nossos colaboradores, onde chegamos um bom consenso conseguindo o \u00eaxito para ambas as partes fazendo um bom reajuste salarial. E tamb\u00e9m no fechamento feliz nas pautas de reivindica\u00e7\u00f5es solicitadas por parte dos empregados, que ser\u00e1 bom para todo o com\u00e9rcio de Rondon\u00f3polis\u201d, citou.<\/p>\n<p>Refor\u00e7ando a boa rela\u00e7\u00e3o entre comerci\u00e1rios e classe patronal, o diretor presidente do Secro, Lucas Gon\u00e7alves, tamb\u00e9m celebrou a agilidade no acordo da CCT 2024. \u201cN\u00f3s apresentamos a proposta para o sindicato varejista no come\u00e7o de dezembro, e resultou em um processo negocial muito c\u00e9lere pelas partes. Onde conseguimos um resultado satisfat\u00f3rio agora no m\u00eas de janeiro e ainda neste m\u00eas toda classe comerci\u00e1ria ter\u00e1 um reajuste salarial\u201d, pontuou.<\/p>\n<p>Desta forma, o piso da categoria passa a ser de Sal\u00e1rio base de R$ 1.512,00 (mil quinhentos e doze reais) para o com\u00e9rcio em geral, e R$ 1.522,00 (mil quinhentos e vinte e dois reais) para mercados, supermercados e a\u00e7ougues. Outro ponto acordo na CCT 2024, \u00e9 em rela\u00e7\u00e3o aos reajustes para sal\u00e1rios acima da base normativa escalonados, que ficaram estabelecidos da seguinte forma: De 6,91% para os sal\u00e1rios base de at\u00e9 R$ 2.000,00 (dois mil reais), 5,5% para os sal\u00e1rios entre R$ 2.001,00 (dois mil e um reais) e R$ 4.999,99 (quatro mil, novecentos e noventa e nove reais e noventa e nove centavos), e 4,18% para sal\u00e1rios acima de R$ 5.000,00 (cinco mil reais).<\/p>\n<p>A CTT aprovada trar\u00e1 a altera\u00e7\u00e3o no texto da cl\u00e1usula d\u00e9cima quinta da CCT do ano passado, de modo que n\u00e3o constar\u00e1 mais o pagamento adicional de 75% e 100% para horas extras trabalhadas ap\u00f3s a segunda di\u00e1ria, passando a constar apenas a autoriza\u00e7\u00e3o para a presta\u00e7\u00e3o de duas horas extras por dia, com pagamento adicional de 50%.<\/p>\n<p>O hor\u00e1rio de funcionamento do com\u00e9rcio em geral aos domingos e feriados tamb\u00e9m sofreu altera\u00e7\u00e3o, onde em 2023 era das 08h \u00e0s 18h, e conforme acordo expresso na CCT deste ano passar\u00e1 a ser das 07h \u00e0s 18h.<\/p>\n<p>DIA DO COMERCI\u00c1RIO \u2013 Outro destaque da CCT 2024 \u00e9 a manuten\u00e7\u00e3o do com\u00e9rcio fechado no Dia do Comerci\u00e1rio (feriado municipal), que este ano ser\u00e1 no dia 12 de fevereiro, na segunda-feira de Carnaval. Com autoriza\u00e7\u00f5es espec\u00edficas de abertura para mercados, supermercados e a\u00e7ougues que t\u00eam permiss\u00e3o de funcionamento.<\/p>\n<p>Para os demais termos, ser\u00e1 mantido o texto da CCT de 2023, excetuadas as altera\u00e7\u00f5es acima e eventuais atualiza\u00e7\u00f5es de datas para o ano corrente de 2024.<\/p>\n<p>Mais informa\u00e7\u00f5es entrar em contato pelo Telefone do Sincom-Roo (66) 99696-6510.<\/p>\n<p>Segue link do v\u00eddeo:<br \/><iframe loading=\"lazy\" title=\"Sal\u00e1rio dos comerci\u00e1rios de Rondon\u00f3polis tem novo valor\" width=\"1140\" height=\"641\" src=\"https:\/\/www.youtube.com\/embed\/DBdE6EDGsG8?feature=oembed\" frameborder=\"0\" allow=\"accelerometer; autoplay; clipboard-write; encrypted-media; gyroscope; picture-in-picture; web-share\" allowfullscreen><\/iframe><\/p>\n<\/p><\/div>\n<p><br \/>\n<br \/><a href=\"https:\/\/rgtnews.com.br\/destaque\/comerciarios-de-rondonopolis-tem-novo-salario\/?utm_source=rss&#038;utm_medium=rss&#038;utm_campaign=comerciarios-de-rondonopolis-tem-novo-salario\">Fonte da Noticia <\/a><\/p>\n","protected":false},"excerpt":{"rendered":"<p>A Conven\u00e7\u00e3o Coletiva 2024 do com\u00e9rcio de Rondon\u00f3polis foi assinada na manh\u00e3 desta sexta-feira (19\/01) pelos sindicatos patronal e laboral Nesta sexta-feira (19\/01), a diretoria o Sindicato Patronal do Com\u00e9rcio Varejista de Rondon\u00f3polis (Sincom-Roo) realizou em sua sede, uma reuni\u00e3o de celebra\u00e7\u00e3o do acordo da Conven\u00e7\u00e3o Coletiva de Trabalho 2024 (CCT), com a participa\u00e7\u00e3o de [&hellip;]<\/p>\n","protected":false},"author":1,"featured_media":5091,"comment_status":"closed","ping_status":"closed","sticky":false,"template":"","format":"standard","meta":[],"categories":[1],"tags":[],"_links":{"self":[{"href":"https:\/\/ligana104.com.br\/2021\/wp-json\/wp\/v2\/posts\/5090"}],"collection":[{"href":"https:\/\/ligana104.com.br\/2021\/wp-json\/wp\/v2\/posts"}],"about":[{"href":"https:\/\/ligana104.com.br\/2021\/wp-json\/wp\/v2\/types\/post"}],"author":[{"embeddable":true,"href":"https:\/\/ligana104.com.br\/2021\/wp-json\/wp\/v2\/users\/1"}],"replies":[{"embeddable":true,"href":"https:\/\/ligana104.com.br\/2021\/wp-json\/wp\/v2\/comments?post=5090"}],"version-history":[{"count":1,"href":"https:\/\/ligana104.com.br\/2021\/wp-json\/wp\/v2\/posts\/5090\/revisions"}],"predecessor-version":[{"id":5092,"href":"https:\/\/ligana104.com.br\/2021\/wp-json\/wp\/v2\/posts\/5090\/revisions\/5092"}],"wp:featuredmedia":[{"embeddable":true,"href":"https:\/\/ligana104.com.br\/2021\/wp-json\/wp\/v2\/media\/5091"}],"wp:attachment":[{"href":"https:\/\/ligana104.com.br\/2021\/wp-json\/wp\/v2\/media?parent=5090"}],"wp:term":[{"taxonomy":"category","embeddable":true,"href":"https:\/\/ligana104.com.br\/2021\/wp-json\/wp\/v2\/categories?post=5090"},{"taxonomy":"post_tag","embeddable":true,"href":"https:\/\/ligana104.com.br\/2021\/wp-json\/wp\/v2\/tags?post=5090"}],"curies":[{"name":"wp","href":"https:\/\/api.w.org\/{rel}","templated":true}]}}