{"id":5084,"date":"2024-01-19T11:37:48","date_gmt":"2024-01-19T13:37:48","guid":{"rendered":"https:\/\/ligana104.com.br\/2021\/2024\/01\/19\/individuo-trai-faccao-e-tem-cabeca-decepada-por-faccionados-em-mt\/"},"modified":"2024-01-19T11:37:50","modified_gmt":"2024-01-19T13:37:50","slug":"individuo-trai-faccao-e-tem-cabeca-decepada-por-faccionados-em-mt","status":"publish","type":"post","link":"https:\/\/ligana104.com.br\/2021\/2024\/01\/19\/individuo-trai-faccao-e-tem-cabeca-decepada-por-faccionados-em-mt\/","title":{"rendered":"Indiv\u00edduo trai fac\u00e7\u00e3o e tem cabe\u00e7a decepada por faccionados em MT"},"content":{"rendered":"<p> <br \/>\n<\/p>\n<div data-id=\"16dae40\" data-element_type=\"widget\" data-widget_type=\"theme-post-content.default\">\n<div class=\"elementor-widget-container\">\n<p>Eleandro Brandino, de 27 anos, foi encontrado decapitado e enterrado em um terreno ao lado da concession\u00e1ria Via Norte, no in\u00edcio da noite desta quinta-feira (18), em Sorriso. Conforme informa\u00e7\u00f5es, a v\u00edtima seria membro de uma fac\u00e7\u00e3o criminosa (CV) e estaria repassando informa\u00e7\u00f5es a uma fac\u00e7\u00e3o rival (PCC).<\/p>\n<p>De acordo com informa\u00e7\u00f5es, Eleandro foi sequestrado por criminosos em um ve\u00edculo Corsa branco de quatro portas.\u00a0 Em seguida, a v\u00edtima foi levada at\u00e9 o terreno pr\u00f3ximo \u00e0 empresa Via Norte, onde foi brutalmente executado e enterrado.<\/p>\n<p>As for\u00e7as de seguran\u00e7a receberam informa\u00e7\u00f5es a respeito do ve\u00edculo suspeito e realizaram dilig\u00eancias pela cidade. Por volta das 18:00, o Servi\u00e7o Reservado identificou o Corsa na rua Tangar\u00e1, bairro Industrial. Dois suspeitos desembarcaram e entraram em um bar.<\/p>\n<p>Embora nada de il\u00edcito tenha sido encontrado com os suspeitos durante a abordagem, os dois jovens, de 16 e 14 anos, admitiram participa\u00e7\u00e3o no crime. Atrav\u00e9s das informa\u00e7\u00f5es dos suspeitos, a pol\u00edcia foi at\u00e9 o local do crime, onde a v\u00edtima foi decapitada e enterrada.<\/p>\n<p>No matagal, a pol\u00edcia conseguiu localizar o corpo enterrado em uma cova rasa, sem a cabe\u00e7a. Ela s\u00f3 foi encontrada, tamb\u00e9m enterrada, cerca de 13 metros da primeira cova.<\/p>\n<p>Aos policiais, os envolvidos no crime relataram que Eleandro foi morto ap\u00f3s supostamente ter repassado informa\u00e7\u00f5es do Comando Vermelho para a fac\u00e7\u00e3o PCC.<\/p>\n<p>Os suspeitos foram presos e encaminhados \u00e0 Delegacia de Pol\u00edcia Civil sem les\u00f5es corporais.<\/p>\n<p>\u00a0<\/p>\n<p>\u00a0<\/p>\n<\/p><\/div><\/div>\n<p><br \/>\n<br \/><a href=\"https:\/\/rgtnews.com.br\/destaque\/individuo-trai-faccao-e-tem-cabeca-decepada-por-faccionados-em-mt\/?utm_source=rss&#038;utm_medium=rss&#038;utm_campaign=individuo-trai-faccao-e-tem-cabeca-decepada-por-faccionados-em-mt\">Fonte da Noticia <\/a><\/p>\n","protected":false},"excerpt":{"rendered":"<p>Eleandro Brandino, de 27 anos, foi encontrado decapitado e enterrado em um terreno ao lado da concession\u00e1ria Via Norte, no in\u00edcio da noite desta quinta-feira (18), em Sorriso. Conforme informa\u00e7\u00f5es, a v\u00edtima seria membro de uma fac\u00e7\u00e3o criminosa (CV) e estaria repassando informa\u00e7\u00f5es a uma fac\u00e7\u00e3o rival (PCC). De acordo com informa\u00e7\u00f5es, Eleandro foi sequestrado [&hellip;]<\/p>\n","protected":false},"author":1,"featured_media":5085,"comment_status":"closed","ping_status":"closed","sticky":false,"template":"","format":"standard","meta":[],"categories":[1],"tags":[],"_links":{"self":[{"href":"https:\/\/ligana104.com.br\/2021\/wp-json\/wp\/v2\/posts\/5084"}],"collection":[{"href":"https:\/\/ligana104.com.br\/2021\/wp-json\/wp\/v2\/posts"}],"about":[{"href":"https:\/\/ligana104.com.br\/2021\/wp-json\/wp\/v2\/types\/post"}],"author":[{"embeddable":true,"href":"https:\/\/ligana104.com.br\/2021\/wp-json\/wp\/v2\/users\/1"}],"replies":[{"embeddable":true,"href":"https:\/\/ligana104.com.br\/2021\/wp-json\/wp\/v2\/comments?post=5084"}],"version-history":[{"count":1,"href":"https:\/\/ligana104.com.br\/2021\/wp-json\/wp\/v2\/posts\/5084\/revisions"}],"predecessor-version":[{"id":5086,"href":"https:\/\/ligana104.com.br\/2021\/wp-json\/wp\/v2\/posts\/5084\/revisions\/5086"}],"wp:featuredmedia":[{"embeddable":true,"href":"https:\/\/ligana104.com.br\/2021\/wp-json\/wp\/v2\/media\/5085"}],"wp:attachment":[{"href":"https:\/\/ligana104.com.br\/2021\/wp-json\/wp\/v2\/media?parent=5084"}],"wp:term":[{"taxonomy":"category","embeddable":true,"href":"https:\/\/ligana104.com.br\/2021\/wp-json\/wp\/v2\/categories?post=5084"},{"taxonomy":"post_tag","embeddable":true,"href":"https:\/\/ligana104.com.br\/2021\/wp-json\/wp\/v2\/tags?post=5084"}],"curies":[{"name":"wp","href":"https:\/\/api.w.org\/{rel}","templated":true}]}}