{"id":5072,"date":"2024-01-19T00:07:59","date_gmt":"2024-01-19T02:07:59","guid":{"rendered":"https:\/\/ligana104.com.br\/2021\/2024\/01\/19\/operacao-contra-jordy-lider-da-oposicao-e-comparada-a-ditadura\/"},"modified":"2024-01-19T00:08:00","modified_gmt":"2024-01-19T02:08:00","slug":"operacao-contra-jordy-lider-da-oposicao-e-comparada-a-ditadura","status":"publish","type":"post","link":"https:\/\/ligana104.com.br\/2021\/2024\/01\/19\/operacao-contra-jordy-lider-da-oposicao-e-comparada-a-ditadura\/","title":{"rendered":"Opera\u00e7\u00e3o contra Jordy, l\u00edder da oposi\u00e7\u00e3o, \u00e9 comparada \u00e0 ditadura"},"content":{"rendered":"<p> <br \/>\n<\/p>\n<div>\n<p data-reader-unique-id=\"1\">A opera\u00e7\u00e3o deflagrada na manh\u00e3 desta quinta-feira, 18, contra o deputado federal Carlos Jordy (PL-RJ), l\u00edder da oposi\u00e7\u00e3o na C\u00e2mara, foi alvo de cr\u00edticas nas redes sociais. Diversos internautas relacionaram a a\u00e7\u00e3o da Pol\u00edcia Federal (PF) com uma ditadura \u2014 termo que se tornou um dos mais comentados na rede social Twitter\/X.<\/p>\n<p data-reader-unique-id=\"5\">Jordy foi alvo da 24\u00aa fase da Opera\u00e7\u00e3o Lesa P\u00e1tria. O gabinete e endere\u00e7os ligados a ele sofreram buscas e apreens\u00f5es. A PF busca investigar as pessoas que planejaram, financiaram e incitaram os protestos em 8 de janeiro de 2023.<\/p>\n<p data-reader-unique-id=\"28\">O economista Leandro Ruschel declarou que \u201ca ditadura avan\u00e7a\u201d com a busca e apreens\u00e3o contra Jordy.<\/p>\n<figure data-reader-unique-id=\"29\">\n<\/figure>\n<p data-reader-unique-id=\"37\">O ex-deputado estadual de S\u00e3o Paulo Douglas Garcia prestou solidariedade ao colega, no Twitter\/X. \u201cA ditadura no Brasil segue a todo vapor onde a oposi\u00e7\u00e3o \u00e9 brutalmente perseguida\u201d, escreveu Garcia.<\/p>\n<figure data-reader-unique-id=\"38\">\n<\/figure>\n<p data-reader-unique-id=\"44\">Conforme o jornalista Adalex G\u00f3is, \u201ca ditadura do STF e do Alexandre de Moraes, avan\u00e7a impiedosamente e sem limites\u201d.<\/p>\n<figure data-reader-unique-id=\"45\">\n<\/figure>\n<p data-reader-unique-id=\"54\">O deputado federal Nikolas Ferreira (PL-MG) foi sucinto ao comentar a opera\u00e7\u00e3o contra Jordy. \u201cDitadura\u201d, afirmou o parlamentar mineiro.<\/p>\n<figure data-reader-unique-id=\"55\">\n<\/figure>\n<p data-reader-unique-id=\"61\">De acordo com o tamb\u00e9m deputado federal Marcel van Hattem (Novo-RS), a opera\u00e7\u00e3o policial revela que \u201ca ditadura no Brasil j\u00e1 \u00e9 indisfar\u00e7\u00e1vel\u201d.<\/p>\n<blockquote data-reader-unique-id=\"62\">\n<p data-reader-unique-id=\"63\">\u201cCabe aos presidentes das Casas Legislativas nacionais a obriga\u00e7\u00e3o de dar satisfa\u00e7\u00e3o aos seus representados\u201d, afirmou Van Hattem, ao cobrar posicionamento por parte do presidente da C\u00e2mara dos Deputados, Arthur Lira (PP-AL) e do presidente do Senado, Rodrigo Pacheco (PSD-MG). \u201cApesar de indisfar\u00e7\u00e1vel, a ditadura em que nos encontramos n\u00e3o \u00e9 incontorn\u00e1vel.\u201d<\/p>\n<\/blockquote>\n<figure data-reader-unique-id=\"64\">\n<\/figure>\n<h2 data-reader-unique-id=\"71\">Quem \u00e9 Carlos Jordy, alvo de opera\u00e7\u00e3o comparada a ditadura<\/h2>\n<p data-reader-unique-id=\"72\">Aos 41 anos, <strong data-reader-unique-id=\"73\">Carlos Roberto Coelho de Mattos J\u00fanior, o Carlos Jordy<\/strong>, est\u00e1 em seu segundo mandato como deputado federal. Hoje filiado ao <strong data-reader-unique-id=\"75\">Partido Liberal<\/strong>, legenda que abriga o ex-presidente Jair Bolsonaro, ele foi eleito em 2018 pelo PSL \u2014 sigla que posteriormente passou por processo de fus\u00e3o com o Democratas para formar o Uni\u00e3o Brasil.<\/p>\n<p data-reader-unique-id=\"77\">Jordy \u00e9 o pr\u00e9-candidato do PL \u00e0 Prefeitura de Niter\u00f3i, sua cidade natal e que comp\u00f5e a Regi\u00e3o Metropolitana do Rio de Janeiro.<\/p>\n<\/p><\/div>\n<p><br \/>\n<br \/><a href=\"https:\/\/rgtnews.com.br\/noticias\/politica\/operacao-contra-jordy-lider-da-oposicao-e-comparada-a-ditadura\/?utm_source=rss&#038;utm_medium=rss&#038;utm_campaign=operacao-contra-jordy-lider-da-oposicao-e-comparada-a-ditadura\">Fonte da Noticia <\/a><\/p>\n","protected":false},"excerpt":{"rendered":"<p>A opera\u00e7\u00e3o deflagrada na manh\u00e3 desta quinta-feira, 18, contra o deputado federal Carlos Jordy (PL-RJ), l\u00edder da oposi\u00e7\u00e3o na C\u00e2mara, foi alvo de cr\u00edticas nas redes sociais. Diversos internautas relacionaram a a\u00e7\u00e3o da Pol\u00edcia Federal (PF) com uma ditadura \u2014 termo que se tornou um dos mais comentados na rede social Twitter\/X. Jordy foi alvo [&hellip;]<\/p>\n","protected":false},"author":1,"featured_media":5073,"comment_status":"closed","ping_status":"closed","sticky":false,"template":"","format":"standard","meta":[],"categories":[1],"tags":[],"_links":{"self":[{"href":"https:\/\/ligana104.com.br\/2021\/wp-json\/wp\/v2\/posts\/5072"}],"collection":[{"href":"https:\/\/ligana104.com.br\/2021\/wp-json\/wp\/v2\/posts"}],"about":[{"href":"https:\/\/ligana104.com.br\/2021\/wp-json\/wp\/v2\/types\/post"}],"author":[{"embeddable":true,"href":"https:\/\/ligana104.com.br\/2021\/wp-json\/wp\/v2\/users\/1"}],"replies":[{"embeddable":true,"href":"https:\/\/ligana104.com.br\/2021\/wp-json\/wp\/v2\/comments?post=5072"}],"version-history":[{"count":1,"href":"https:\/\/ligana104.com.br\/2021\/wp-json\/wp\/v2\/posts\/5072\/revisions"}],"predecessor-version":[{"id":5074,"href":"https:\/\/ligana104.com.br\/2021\/wp-json\/wp\/v2\/posts\/5072\/revisions\/5074"}],"wp:featuredmedia":[{"embeddable":true,"href":"https:\/\/ligana104.com.br\/2021\/wp-json\/wp\/v2\/media\/5073"}],"wp:attachment":[{"href":"https:\/\/ligana104.com.br\/2021\/wp-json\/wp\/v2\/media?parent=5072"}],"wp:term":[{"taxonomy":"category","embeddable":true,"href":"https:\/\/ligana104.com.br\/2021\/wp-json\/wp\/v2\/categories?post=5072"},{"taxonomy":"post_tag","embeddable":true,"href":"https:\/\/ligana104.com.br\/2021\/wp-json\/wp\/v2\/tags?post=5072"}],"curies":[{"name":"wp","href":"https:\/\/api.w.org\/{rel}","templated":true}]}}