{"id":5063,"date":"2024-01-18T20:31:09","date_gmt":"2024-01-18T22:31:09","guid":{"rendered":"https:\/\/ligana104.com.br\/2021\/2024\/01\/18\/policia-resgata-5-cachorros-e-34-aves-famintas-mantidas-em-uma-gaiola-em-mt-videos\/"},"modified":"2024-01-18T20:31:10","modified_gmt":"2024-01-18T22:31:10","slug":"policia-resgata-5-cachorros-e-34-aves-famintas-mantidas-em-uma-gaiola-em-mt-videos","status":"publish","type":"post","link":"https:\/\/ligana104.com.br\/2021\/2024\/01\/18\/policia-resgata-5-cachorros-e-34-aves-famintas-mantidas-em-uma-gaiola-em-mt-videos\/","title":{"rendered":"Pol\u00edcia resgata 5 cachorros e 34 aves famintas mantidas em uma gaiola em MT; v\u00eddeos"},"content":{"rendered":"<p> <br \/>\n<\/p>\n<p data-reader-unique-id=\"1\">Policiais da Delegacia de Campos de J\u00falio resgataram cinco c\u00e3es e 34 aves mantidas em uma gaiola sem ra\u00e7\u00e3o, com sinais de maus-tratos, ferimentos e famintos, nesta quarta-feira (17.01), em uma ch\u00e1cara, na zona rural do munic\u00edpio. A a\u00e7\u00e3o contou com apoio da Associa\u00e7\u00e3o Protetora dos Animais para Tratamento e Ado\u00e7\u00e3o.<br data-reader-unique-id=\"2\" \/><br data-reader-unique-id=\"3\" \/>As dilig\u00eancias iniciaram ap\u00f3s a equipe da Pol\u00edcia Civil receber den\u00fancia sobre o suposto crime de maus-tratos de animais. Os policiais civis foram at\u00e9 o local, onde foram constatados os maus-tratos, inclusive com a morte de um dos animais e de 15 aves.<\/p>\n<p data-reader-unique-id=\"8\">Os animais foram retirados do local e o propriet\u00e1rio n\u00e3o foi encontrado na ch\u00e1cara. A equipe policial fez as dilig\u00eancias preliminares e provid\u00eancias necess\u00e1rias para apura\u00e7\u00e3o dos fatos.<\/p>\n<p data-reader-unique-id=\"10\">As aves e animais ficaram sob os cuidados da associa\u00e7\u00e3o de prote\u00e7\u00e3o, que vai verificar a situa\u00e7\u00e3o de maus-tratos.<\/p>\n<p data-reader-unique-id=\"15\">A Pol\u00edcia Civil est\u00e1 vigilante sobre maus-tratos a animais dom\u00e9sticos e que qualquer infra\u00e7\u00e3o praticada ser\u00e1 devidamente apurada. O crime de maus-tratos a animais dom\u00e9sticos tem pena de dois a cinco anos de reclus\u00e3o, al\u00e9m multa e proibi\u00e7\u00e3o da guarda do animal. Em caso de morte, a pena poder\u00e1 ser acrescida e a multa chegar a at\u00e9 40 sal\u00e1rios-m\u00ednimos.<\/p>\n<p data-reader-unique-id=\"21\">As investiga\u00e7\u00f5es seguem em andamento na Delegacia de Campos de J\u00falio para apura\u00e7\u00e3o da responsabilidade de quem criava os animais e aves.<\/p>\n<div style=\"width: 480px\" class=\"wp-video\"><!--[if lt IE 9]&gt;document.createElement('video');&lt;![endif]--><br \/>\n<video class=\"wp-video-shortcode\" id=\"video-26864-1\" width=\"480\" height=\"848\" preload=\"metadata\" controls=\"controls\">http:\/\/rgtnews.com.br\/wp-content\/uploads\/2024\/01\/8df6c080-0935-4fdc-8611-8b791798949f.mp4<\/video><\/div>\n<div style=\"width: 848px\" class=\"wp-video\"><video class=\"wp-video-shortcode\" id=\"video-26864-2\" width=\"848\" height=\"480\" preload=\"metadata\" controls=\"controls\">http:\/\/rgtnews.com.br\/wp-content\/uploads\/2024\/01\/7059468f-a464-4a14-8620-a1c74bec4650.mp4<\/video><\/div>\n<div style=\"width: 480px\" class=\"wp-video\"><video class=\"wp-video-shortcode\" id=\"video-26864-3\" width=\"480\" height=\"848\" preload=\"metadata\" controls=\"controls\">http:\/\/rgtnews.com.br\/wp-content\/uploads\/2024\/01\/258b0255-4cb7-49a0-b784-a2491ff5ec56.mp4<\/video><\/div>\n<div style=\"width: 848px\" class=\"wp-video\"><video class=\"wp-video-shortcode\" id=\"video-26864-4\" width=\"848\" height=\"480\" preload=\"metadata\" controls=\"controls\">http:\/\/rgtnews.com.br\/wp-content\/uploads\/2024\/01\/27345790-e9b4-40d6-b4cf-f389c0cc49a8.mp4<\/video><\/div>\n<p><br \/>\n<br \/><a href=\"https:\/\/rgtnews.com.br\/destaque\/policia-resgata-5-cachorros-e-34-aves-famintas-mantidas-em-uma-gaiola-em-mt-videos\/?utm_source=rss&#038;utm_medium=rss&#038;utm_campaign=policia-resgata-5-cachorros-e-34-aves-famintas-mantidas-em-uma-gaiola-em-mt-videos\">Fonte da Noticia <\/a><\/p>\n","protected":false},"excerpt":{"rendered":"<p>Policiais da Delegacia de Campos de J\u00falio resgataram cinco c\u00e3es e 34 aves mantidas em uma gaiola sem ra\u00e7\u00e3o, com sinais de maus-tratos, ferimentos e famintos, nesta quarta-feira (17.01), em uma ch\u00e1cara, na zona rural do munic\u00edpio. A a\u00e7\u00e3o contou com apoio da Associa\u00e7\u00e3o Protetora dos Animais para Tratamento e Ado\u00e7\u00e3o.As dilig\u00eancias iniciaram ap\u00f3s a [&hellip;]<\/p>\n","protected":false},"author":1,"featured_media":5064,"comment_status":"closed","ping_status":"closed","sticky":false,"template":"","format":"standard","meta":[],"categories":[1],"tags":[],"_links":{"self":[{"href":"https:\/\/ligana104.com.br\/2021\/wp-json\/wp\/v2\/posts\/5063"}],"collection":[{"href":"https:\/\/ligana104.com.br\/2021\/wp-json\/wp\/v2\/posts"}],"about":[{"href":"https:\/\/ligana104.com.br\/2021\/wp-json\/wp\/v2\/types\/post"}],"author":[{"embeddable":true,"href":"https:\/\/ligana104.com.br\/2021\/wp-json\/wp\/v2\/users\/1"}],"replies":[{"embeddable":true,"href":"https:\/\/ligana104.com.br\/2021\/wp-json\/wp\/v2\/comments?post=5063"}],"version-history":[{"count":1,"href":"https:\/\/ligana104.com.br\/2021\/wp-json\/wp\/v2\/posts\/5063\/revisions"}],"predecessor-version":[{"id":5065,"href":"https:\/\/ligana104.com.br\/2021\/wp-json\/wp\/v2\/posts\/5063\/revisions\/5065"}],"wp:featuredmedia":[{"embeddable":true,"href":"https:\/\/ligana104.com.br\/2021\/wp-json\/wp\/v2\/media\/5064"}],"wp:attachment":[{"href":"https:\/\/ligana104.com.br\/2021\/wp-json\/wp\/v2\/media?parent=5063"}],"wp:term":[{"taxonomy":"category","embeddable":true,"href":"https:\/\/ligana104.com.br\/2021\/wp-json\/wp\/v2\/categories?post=5063"},{"taxonomy":"post_tag","embeddable":true,"href":"https:\/\/ligana104.com.br\/2021\/wp-json\/wp\/v2\/tags?post=5063"}],"curies":[{"name":"wp","href":"https:\/\/api.w.org\/{rel}","templated":true}]}}