{"id":5060,"date":"2024-01-18T19:23:42","date_gmt":"2024-01-18T21:23:42","guid":{"rendered":"https:\/\/ligana104.com.br\/2021\/2024\/01\/18\/pais-perdem-a-guarda-de-filho-trans-por-se-recusarem-a-usar-pronomes-neutros\/"},"modified":"2024-01-18T19:23:42","modified_gmt":"2024-01-18T21:23:42","slug":"pais-perdem-a-guarda-de-filho-trans-por-se-recusarem-a-usar-pronomes-neutros","status":"publish","type":"post","link":"https:\/\/ligana104.com.br\/2021\/2024\/01\/18\/pais-perdem-a-guarda-de-filho-trans-por-se-recusarem-a-usar-pronomes-neutros\/","title":{"rendered":"Pais perdem a guarda de filho trans por se recusarem a usar pronomes neutros"},"content":{"rendered":"<p> <br \/>\n<\/p>\n<p>O Departamento de Servi\u00e7os Infantis de Indiana\u00a0<strong>retirou o filho do casal Cox de casa e a guarda dos pais.<\/strong>\u00a0Mary e Jeremy Cox solicitaram \u00e0 Suprema Corte dos Estados Unidos a revis\u00e3o do caso.<\/p>\n<p>Os pais s\u00e3o crist\u00e3os e enfrentavam\u00a0<strong>diverg\u00eancias sobre a identidade de g\u00eanero do filho<\/strong>. Eles se recusam a respeitar os pronomes femininos autodeclarados do filho, que \u00e9 menor de idade.<\/p>\n<p>A controv\u00e9rsia se iniciou em 2021, com o filho declarando a mudan\u00e7a de g\u00eanero<strong>\u00a0e os pais se recusando a respeitar seus pronomes.<\/strong><\/p>\n<p>O Departamento de Servi\u00e7os Infantis de Indiana iniciou uma investiga\u00e7\u00e3o e r<strong>etirou a cust\u00f3dia dos pais alegando preocupa\u00e7\u00f5es com o bem-estar da crian\u00e7a<\/strong>.<\/p>\n<p>Para o Departamento, seria prejudicial \u00e0 crian\u00e7a estar em um ambiente em que n\u00e3o afirma sua identidade de g\u00eanero.\u00a0<strong>O tribunal local confirmou a decis\u00e3o.<\/strong><\/p>\n<p>A fam\u00edlia Cox busca agora a Suprema Corte dos Estados Unidos para reverter o caso. Eles alegam a<strong>\u00a0prote\u00e7\u00e3o do direito dos pais, liberdade de express\u00e3o e livre exerc\u00edcio da religi\u00e3o<\/strong>.<\/p>\n<p>O advogado dos Cox criticou o \u201cpoder arbitr\u00e1rio e quase absoluto\u201d dos tribunais sobre os direitos dos pais, enfatizando\u00a0<strong>o direito dos pais aptos de criar os seus filhos de acordo com as suas cren\u00e7as e julgamentos.<\/strong><\/p>\n<p>O resultado pode impactar significativamente os direitos dos pais nos EUA. A Suprema Corte decidir\u00e1 at\u00e9 abril se aceitar\u00e1 o caso.<\/p>\n<p><br \/>\n<br \/><a href=\"https:\/\/rgtnews.com.br\/noticias\/variedades\/pais-perdem-a-guarda-de-filho-trans-por-se-recusarem-a-usar-pronomes-neutros\/?utm_source=rss&#038;utm_medium=rss&#038;utm_campaign=pais-perdem-a-guarda-de-filho-trans-por-se-recusarem-a-usar-pronomes-neutros\">Fonte da Noticia <\/a><\/p>\n","protected":false},"excerpt":{"rendered":"<p>O Departamento de Servi\u00e7os Infantis de Indiana\u00a0retirou o filho do casal Cox de casa e a guarda dos pais.\u00a0Mary e Jeremy Cox solicitaram \u00e0 Suprema Corte dos Estados Unidos a revis\u00e3o do caso. Os pais s\u00e3o crist\u00e3os e enfrentavam\u00a0diverg\u00eancias sobre a identidade de g\u00eanero do filho. Eles se recusam a respeitar os pronomes femininos autodeclarados [&hellip;]<\/p>\n","protected":false},"author":1,"featured_media":5061,"comment_status":"closed","ping_status":"closed","sticky":false,"template":"","format":"standard","meta":[],"categories":[1],"tags":[],"_links":{"self":[{"href":"https:\/\/ligana104.com.br\/2021\/wp-json\/wp\/v2\/posts\/5060"}],"collection":[{"href":"https:\/\/ligana104.com.br\/2021\/wp-json\/wp\/v2\/posts"}],"about":[{"href":"https:\/\/ligana104.com.br\/2021\/wp-json\/wp\/v2\/types\/post"}],"author":[{"embeddable":true,"href":"https:\/\/ligana104.com.br\/2021\/wp-json\/wp\/v2\/users\/1"}],"replies":[{"embeddable":true,"href":"https:\/\/ligana104.com.br\/2021\/wp-json\/wp\/v2\/comments?post=5060"}],"version-history":[{"count":1,"href":"https:\/\/ligana104.com.br\/2021\/wp-json\/wp\/v2\/posts\/5060\/revisions"}],"predecessor-version":[{"id":5062,"href":"https:\/\/ligana104.com.br\/2021\/wp-json\/wp\/v2\/posts\/5060\/revisions\/5062"}],"wp:featuredmedia":[{"embeddable":true,"href":"https:\/\/ligana104.com.br\/2021\/wp-json\/wp\/v2\/media\/5061"}],"wp:attachment":[{"href":"https:\/\/ligana104.com.br\/2021\/wp-json\/wp\/v2\/media?parent=5060"}],"wp:term":[{"taxonomy":"category","embeddable":true,"href":"https:\/\/ligana104.com.br\/2021\/wp-json\/wp\/v2\/categories?post=5060"},{"taxonomy":"post_tag","embeddable":true,"href":"https:\/\/ligana104.com.br\/2021\/wp-json\/wp\/v2\/tags?post=5060"}],"curies":[{"name":"wp","href":"https:\/\/api.w.org\/{rel}","templated":true}]}}