{"id":5057,"date":"2024-01-18T18:21:01","date_gmt":"2024-01-18T20:21:01","guid":{"rendered":"https:\/\/ligana104.com.br\/2021\/2024\/01\/18\/video-mostra-policial-penal-que-passou-mal-despencando-com-o-carro-em-mt-vitima-morreu\/"},"modified":"2024-01-18T18:21:01","modified_gmt":"2024-01-18T20:21:01","slug":"video-mostra-policial-penal-que-passou-mal-despencando-com-o-carro-em-mt-vitima-morreu","status":"publish","type":"post","link":"https:\/\/ligana104.com.br\/2021\/2024\/01\/18\/video-mostra-policial-penal-que-passou-mal-despencando-com-o-carro-em-mt-vitima-morreu\/","title":{"rendered":"V\u00eddeo mostra policial penal que passou mal despencando com o carro em MT; v\u00edtima morreu"},"content":{"rendered":"<p> <br \/>\n<\/p>\n<div>\n<p>O policial penal Claudinei Jos\u00e9 Souza Cruz, 52 anos, morreu ap\u00f3s um acidente no in\u00edcio da tarde, em Cuiab\u00e1-MT. O policial\u00a0 perdeu o controle do ve\u00edculo Gol que dirigia, capotou e despencou na Avenida Miguel Sutil. Ele n\u00e3o resistiu aos ferimentos. C\u00e2meras de seguran\u00e7a flagraram o momento do acidente.<\/p>\n<p>Assista:<\/p>\n<p>\u00a0<\/p>\n<p>A principal suspeita \u00e9 de que o policial tenha sofrido um infarto antes do acidente. Testemunhas relataram que o incidente ocorreu enquanto Claudinei seguia na pista sentido Rodovi\u00e1ria. O ve\u00edculo capotou e caiu em p\u00e9 na rua Guilherme Victorino, em frente a uma pizzaria, surpreendendo clientes que almo\u00e7avam no local. O impacto do acidente resultou na destrui\u00e7\u00e3o da frente do ve\u00edculo.<\/p>\n<p>Conforme relatos, o momento do incidente, o policial penal estaria realizando a entrega de marmitas na regi\u00e3o.<\/p>\n<p>Equipes da Pol\u00edcia Militar e da Secretaria de Mobilidade Urbana (Semob) rapidamente chegaram ao local para controlar o tr\u00e2nsito durante a ocorr\u00eancia.<\/p>\n<p>O Servi\u00e7o de Atendimento M\u00f3vel de Urg\u00eancia (Samu) esteve no local para socorrer a v\u00edtima, que foi encaminhada ao Hospital Municipal de Cuiab\u00e1 (HMC). No entanto, Claudinei n\u00e3o resistiu aos ferimentos e morreu.<\/p>\n<\/p><\/div>\n<p><br \/>\n<br \/><a href=\"https:\/\/rgtnews.com.br\/destaque\/video-mostra-policial-penal-que-passou-mal-despencando-com-o-carro-em-mt-vitima-morreu\/?utm_source=rss&#038;utm_medium=rss&#038;utm_campaign=video-mostra-policial-penal-que-passou-mal-despencando-com-o-carro-em-mt-vitima-morreu\">Fonte da Noticia <\/a><\/p>\n","protected":false},"excerpt":{"rendered":"<p>O policial penal Claudinei Jos\u00e9 Souza Cruz, 52 anos, morreu ap\u00f3s um acidente no in\u00edcio da tarde, em Cuiab\u00e1-MT. O policial\u00a0 perdeu o controle do ve\u00edculo Gol que dirigia, capotou e despencou na Avenida Miguel Sutil. Ele n\u00e3o resistiu aos ferimentos. C\u00e2meras de seguran\u00e7a flagraram o momento do acidente. Assista: \u00a0 A principal suspeita \u00e9 [&hellip;]<\/p>\n","protected":false},"author":1,"featured_media":5058,"comment_status":"closed","ping_status":"closed","sticky":false,"template":"","format":"standard","meta":[],"categories":[1],"tags":[],"_links":{"self":[{"href":"https:\/\/ligana104.com.br\/2021\/wp-json\/wp\/v2\/posts\/5057"}],"collection":[{"href":"https:\/\/ligana104.com.br\/2021\/wp-json\/wp\/v2\/posts"}],"about":[{"href":"https:\/\/ligana104.com.br\/2021\/wp-json\/wp\/v2\/types\/post"}],"author":[{"embeddable":true,"href":"https:\/\/ligana104.com.br\/2021\/wp-json\/wp\/v2\/users\/1"}],"replies":[{"embeddable":true,"href":"https:\/\/ligana104.com.br\/2021\/wp-json\/wp\/v2\/comments?post=5057"}],"version-history":[{"count":1,"href":"https:\/\/ligana104.com.br\/2021\/wp-json\/wp\/v2\/posts\/5057\/revisions"}],"predecessor-version":[{"id":5059,"href":"https:\/\/ligana104.com.br\/2021\/wp-json\/wp\/v2\/posts\/5057\/revisions\/5059"}],"wp:featuredmedia":[{"embeddable":true,"href":"https:\/\/ligana104.com.br\/2021\/wp-json\/wp\/v2\/media\/5058"}],"wp:attachment":[{"href":"https:\/\/ligana104.com.br\/2021\/wp-json\/wp\/v2\/media?parent=5057"}],"wp:term":[{"taxonomy":"category","embeddable":true,"href":"https:\/\/ligana104.com.br\/2021\/wp-json\/wp\/v2\/categories?post=5057"},{"taxonomy":"post_tag","embeddable":true,"href":"https:\/\/ligana104.com.br\/2021\/wp-json\/wp\/v2\/tags?post=5057"}],"curies":[{"name":"wp","href":"https:\/\/api.w.org\/{rel}","templated":true}]}}