{"id":5054,"date":"2024-01-18T17:18:25","date_gmt":"2024-01-18T19:18:25","guid":{"rendered":"https:\/\/ligana104.com.br\/2021\/2024\/01\/18\/adiado-para-dia-29-o-inicio-do-ano-letivo-na-rede-municipal-de-educacao\/"},"modified":"2024-01-18T17:18:26","modified_gmt":"2024-01-18T19:18:26","slug":"adiado-para-dia-29-o-inicio-do-ano-letivo-na-rede-municipal-de-educacao","status":"publish","type":"post","link":"https:\/\/ligana104.com.br\/2021\/2024\/01\/18\/adiado-para-dia-29-o-inicio-do-ano-letivo-na-rede-municipal-de-educacao\/","title":{"rendered":"Adiado para dia 29 o in\u00edcio do ano letivo na rede municipal de educa\u00e7\u00e3o"},"content":{"rendered":"<p> <br \/>\n<\/p>\n<div id=\"infocoweb_corpo\">\n<p>A rede municipal de educa\u00e7\u00e3o adiou em uma semana o in\u00edcio do ano letivo. A programa\u00e7\u00e3o era para as aulas come\u00e7arem na pr\u00f3xima segunda-feira (22), agora o primeiro dia de aula ser\u00e1 29. O adiamento foi feito em decorr\u00eancia da lota\u00e7\u00e3o dos professores que est\u00e3o sendo convocados para assumirem as vagas do concurso da Secretaria Municipal de Educa\u00e7\u00e3o. A estimativa \u00e9 que a rede atenda 31 mil alunos neste ano. <\/p>\n<p>A secret\u00e1ria municipal de Educa\u00e7\u00e3o, Mara Gleibe, destacou que o adiamento do in\u00edcio das aulas ocorreu para que os convocados tivessem mais tempo para fazerem os exames e apresentarem os documentos para tomarem posse no concurso como professores. <\/p>\n<p>O concurso da Secretaria Municipal de Educa\u00e7\u00e3o convocou 598 professores no in\u00edcio de janeiro para suprir a demanda das vagas livres nas escolas. Esses profissionais t\u00eam 30 dias para apresentarem todos os documentos e exames e passarem na per\u00edcia m\u00e9dica para fazerem a lota\u00e7\u00e3o nas vagas livres das escolas de educa\u00e7\u00e3o infantil e de ensino b\u00e1sico. <\/p>\n<p>Para atender os concursados que est\u00e3o se apresentando, foram montadas equipes da Secretaria de Gest\u00e3o de Pessoas e do DESOPEM (Departamento de Sa\u00fade Ocupacional e Per\u00edcia M\u00e9dica) no audit\u00f3rio da Secretaria Municipal de Educa\u00e7\u00e3o (Semed).<\/p>\n<p id=\"infocoweb_fonte\" class=\"infocoweb_fonte\">Fonte: <a target=\"_blank\" href=\"http:\/\/www.rondonopolis.mt.gov.br\/noticias\/adiado-para-dia-29-o-inicio-do-ano-letivo-na-rede-municipal-de-educacao\/#450190f1-2660-459f-880d-36774099934c\" rel=\"noopener\">Prefeitura de Rondon\u00f3polis \u2013 MT<\/a><\/p>\n<\/div>\n<p><br \/>\n<br \/><a href=\"https:\/\/nmt.com.br\/2024\/01\/15\/adiado-para-dia-29-o-inicio-do-ano-letivo-na-rede-municipal-de-educacao\/\">Fonte da Noticia <\/a><\/p>\n","protected":false},"excerpt":{"rendered":"<p>A rede municipal de educa\u00e7\u00e3o adiou em uma semana o in\u00edcio do ano letivo. A programa\u00e7\u00e3o era para as aulas come\u00e7arem na pr\u00f3xima segunda-feira (22), agora o primeiro dia de aula ser\u00e1 29. O adiamento foi feito em decorr\u00eancia da lota\u00e7\u00e3o dos professores que est\u00e3o sendo convocados para assumirem as vagas do concurso da Secretaria [&hellip;]<\/p>\n","protected":false},"author":1,"featured_media":5055,"comment_status":"closed","ping_status":"closed","sticky":false,"template":"","format":"standard","meta":[],"categories":[1],"tags":[],"_links":{"self":[{"href":"https:\/\/ligana104.com.br\/2021\/wp-json\/wp\/v2\/posts\/5054"}],"collection":[{"href":"https:\/\/ligana104.com.br\/2021\/wp-json\/wp\/v2\/posts"}],"about":[{"href":"https:\/\/ligana104.com.br\/2021\/wp-json\/wp\/v2\/types\/post"}],"author":[{"embeddable":true,"href":"https:\/\/ligana104.com.br\/2021\/wp-json\/wp\/v2\/users\/1"}],"replies":[{"embeddable":true,"href":"https:\/\/ligana104.com.br\/2021\/wp-json\/wp\/v2\/comments?post=5054"}],"version-history":[{"count":1,"href":"https:\/\/ligana104.com.br\/2021\/wp-json\/wp\/v2\/posts\/5054\/revisions"}],"predecessor-version":[{"id":5056,"href":"https:\/\/ligana104.com.br\/2021\/wp-json\/wp\/v2\/posts\/5054\/revisions\/5056"}],"wp:featuredmedia":[{"embeddable":true,"href":"https:\/\/ligana104.com.br\/2021\/wp-json\/wp\/v2\/media\/5055"}],"wp:attachment":[{"href":"https:\/\/ligana104.com.br\/2021\/wp-json\/wp\/v2\/media?parent=5054"}],"wp:term":[{"taxonomy":"category","embeddable":true,"href":"https:\/\/ligana104.com.br\/2021\/wp-json\/wp\/v2\/categories?post=5054"},{"taxonomy":"post_tag","embeddable":true,"href":"https:\/\/ligana104.com.br\/2021\/wp-json\/wp\/v2\/tags?post=5054"}],"curies":[{"name":"wp","href":"https:\/\/api.w.org\/{rel}","templated":true}]}}