{"id":5050,"date":"2024-01-18T17:16:22","date_gmt":"2024-01-18T19:16:22","guid":{"rendered":"https:\/\/ligana104.com.br\/2021\/2024\/01\/18\/revoltante-homem-que-assassinou-ex-a-facadas-em-mt-reclama-de-comida-e-juiz-manda-investigar-policiais\/"},"modified":"2024-01-18T17:16:23","modified_gmt":"2024-01-18T19:16:23","slug":"revoltante-homem-que-assassinou-ex-a-facadas-em-mt-reclama-de-comida-e-juiz-manda-investigar-policiais","status":"publish","type":"post","link":"https:\/\/ligana104.com.br\/2021\/2024\/01\/18\/revoltante-homem-que-assassinou-ex-a-facadas-em-mt-reclama-de-comida-e-juiz-manda-investigar-policiais\/","title":{"rendered":"Revoltante: homem que assassinou ex a facadas em MT, reclama de comida e juiz manda investigar policiais"},"content":{"rendered":"<p> <br \/>\n<\/p>\n<div>\n<p>Na decis\u00e3o em que converteu a pris\u00e3o em flagrante de Marcelo Ochoa de Freitas, de 46 anos, em preventiva, o juiz F\u00e1bio Petengill, da Segunda Vara Criminal de Lucas do Rio Verde, determinou que a Corregedoria da Pol\u00edcia Civil apure supostas irregularidades cometidas pela delegacia local. Conforme o magistrado, Marcelo, que matou a golpes de faca a ex-esposa Francisca Alves Nascimento, de 35 anos, relatou que n\u00e3o recebeu alimenta\u00e7\u00e3o adequada, n\u00e3o pode avisar seus familiares sobre sua deten\u00e7\u00e3o e teve ainda que ficar preso apenas de cueca.<\/p>\n<p>Marcelo Ochoa de Freitas \u00e9 suspeito de matar, a facadas, Francisca Alves Nascimento, que era sua companheira. O crime foi cometido em frente \u00e0 rodovi\u00e1ria de Lucas do Rio Verde e Marcelo foi detido por populares, logo ap\u00f3s o feminicidio. A mulher chegou a ser socorrida, mas morreu a caminho do hospital, com perfura\u00e7\u00f5es no pesco\u00e7o, t\u00f3rax e rosto.<\/p>\n<p>Na decis\u00e3o, o magistrado destacou que o suspeito confessou o crime, relatando ainda que os dois tiveram um relacionamento amoroso de cerca de quatro anos. De acordo com Marcelo Ochoa de Freitas, Francisca Alves Nascimento o procurou no dia do crime para impedir que ele fosse embora da cidade, momento em que \u201csentiu uma explos\u00e3o\u201d e atingiu a v\u00edtima com v\u00e1rios golpes de faca.<\/p>\n<p>O magistrado ent\u00e3o converteu a pris\u00e3o em flagrante em pris\u00e3o preventiva e Marcelo Ochoa de Freitas ser\u00e1 encaminhado para um pres\u00eddio. No entanto, no despacho, o juiz destacou os apontamentos feitos pelo suspeito, de que n\u00e3o recebeu o tratamento adequado no per\u00edodo em que ficou custodiado na delegacia da cidade, determinando assim a abertura de uma investiga\u00e7\u00e3o pela Corregedoria da Pol\u00edcia Civil.<\/p>\n<p>\u201cTendo em vista os relatos do custodiado que n\u00e3o lhe foi oportunizada a alimenta\u00e7\u00e3o adequada e nem o direito de comunicar-se com seus familiares, encaminhe-se c\u00f3pia dos autos \u00e0 Corregedoria da Pol\u00edcia Civil do Estado de Mato Grosso, para que apure o comportamento da Delegacia de Pol\u00edcia local, no tocante a uma suposta omiss\u00e3o quanto \u00e0 obriga\u00e7\u00e3o constitucional de fornecer tratamento digno \u00e0s pessoas custodiadas, seja relacionado ao fornecimento de alimenta\u00e7\u00e3o, seja relacionado \u00e0 suposta exig\u00eancia de que os custodiados fiquem nas celas somente com roupas \u00edntimas\u201d, diz a decis\u00e3o.<\/p>\n<p>Leia mais sobre o caso:<\/p>\n<blockquote class=\"wp-embedded-content\" data-secret=\"HuCdSxp5Zm\">\n<p>V\u00eddeo forte mostra homem matando brutalmente a ex a facadas na cal\u00e7ada em MT<\/p>\n<\/blockquote>\n<p><iframe class=\"wp-embedded-content\" sandbox=\"allow-scripts\" security=\"restricted\" style=\"position: absolute; clip: rect(1px, 1px, 1px, 1px);\" title=\"\u201cV\u00eddeo forte mostra homem matando brutalmente a ex a facadas na cal\u00e7ada em MT\u201d \u2014 RGT News\" src=\"https:\/\/rgtnews.com.br\/noticias\/policia\/video-forte-mostra-homem-matando-brutalmente-a-ex-a-facadas-na-calcada-em-mt\/embed\/#?secret=vP78Bmn75f#?secret=HuCdSxp5Zm\" data-secret=\"HuCdSxp5Zm\" width=\"600\" height=\"338\" frameborder=\"0\" marginwidth=\"0\" marginheight=\"0\" scrolling=\"no\"><\/iframe><\/p>\n<\/p><\/div>\n<p><br \/>\n<br \/><a href=\"https:\/\/rgtnews.com.br\/noticias\/policia\/revoltante-homem-que-assassinou-ex-a-facadas-em-mt-reclama-de-comida-na-delegacia-e-juiz-manda-investigar-policiais\/?utm_source=rss&#038;utm_medium=rss&#038;utm_campaign=revoltante-homem-que-assassinou-ex-a-facadas-em-mt-reclama-de-comida-na-delegacia-e-juiz-manda-investigar-policiais\">Fonte da Noticia <\/a><\/p>\n","protected":false},"excerpt":{"rendered":"<p>Na decis\u00e3o em que converteu a pris\u00e3o em flagrante de Marcelo Ochoa de Freitas, de 46 anos, em preventiva, o juiz F\u00e1bio Petengill, da Segunda Vara Criminal de Lucas do Rio Verde, determinou que a Corregedoria da Pol\u00edcia Civil apure supostas irregularidades cometidas pela delegacia local. Conforme o magistrado, Marcelo, que matou a golpes de [&hellip;]<\/p>\n","protected":false},"author":1,"featured_media":5051,"comment_status":"closed","ping_status":"closed","sticky":false,"template":"","format":"standard","meta":[],"categories":[1],"tags":[],"_links":{"self":[{"href":"https:\/\/ligana104.com.br\/2021\/wp-json\/wp\/v2\/posts\/5050"}],"collection":[{"href":"https:\/\/ligana104.com.br\/2021\/wp-json\/wp\/v2\/posts"}],"about":[{"href":"https:\/\/ligana104.com.br\/2021\/wp-json\/wp\/v2\/types\/post"}],"author":[{"embeddable":true,"href":"https:\/\/ligana104.com.br\/2021\/wp-json\/wp\/v2\/users\/1"}],"replies":[{"embeddable":true,"href":"https:\/\/ligana104.com.br\/2021\/wp-json\/wp\/v2\/comments?post=5050"}],"version-history":[{"count":1,"href":"https:\/\/ligana104.com.br\/2021\/wp-json\/wp\/v2\/posts\/5050\/revisions"}],"predecessor-version":[{"id":5052,"href":"https:\/\/ligana104.com.br\/2021\/wp-json\/wp\/v2\/posts\/5050\/revisions\/5052"}],"wp:featuredmedia":[{"embeddable":true,"href":"https:\/\/ligana104.com.br\/2021\/wp-json\/wp\/v2\/media\/5051"}],"wp:attachment":[{"href":"https:\/\/ligana104.com.br\/2021\/wp-json\/wp\/v2\/media?parent=5050"}],"wp:term":[{"taxonomy":"category","embeddable":true,"href":"https:\/\/ligana104.com.br\/2021\/wp-json\/wp\/v2\/categories?post=5050"},{"taxonomy":"post_tag","embeddable":true,"href":"https:\/\/ligana104.com.br\/2021\/wp-json\/wp\/v2\/tags?post=5050"}],"curies":[{"name":"wp","href":"https:\/\/api.w.org\/{rel}","templated":true}]}}