{"id":5035,"date":"2024-01-18T17:07:29","date_gmt":"2024-01-18T19:07:29","guid":{"rendered":"https:\/\/ligana104.com.br\/2021\/2024\/01\/18\/policial-penal-passa-mal-despenca-com-carro-e-morre-em-mt-videos\/"},"modified":"2024-01-18T17:07:30","modified_gmt":"2024-01-18T19:07:30","slug":"policial-penal-passa-mal-despenca-com-carro-e-morre-em-mt-videos","status":"publish","type":"post","link":"https:\/\/ligana104.com.br\/2021\/2024\/01\/18\/policial-penal-passa-mal-despenca-com-carro-e-morre-em-mt-videos\/","title":{"rendered":"Policial penal passa mal, despenca com carro e morre em MT; v\u00eddeos"},"content":{"rendered":"<p> <br \/>\n<\/p>\n<p>Claudinei Jos\u00e9 Souza Cruz, policial penal de 52 anos, morreu ap\u00f3s um acidente no in\u00edcio da tarde, em Cuiab\u00e1-MT. O policial perdeu o controle do ve\u00edculo Gol que dirigia, capotou e despencou na Avenida Miguel Sutil. Ele n\u00e3o resistiu aos ferimentos.<\/p>\n<p>A principal suspeita \u00e9 de que o policial tenha sofrido um infarto antes do acidente. Testemunhas relataram que o incidente ocorreu enquanto Claudinei seguia na pista sentido Rodovi\u00e1ria. O ve\u00edculo capotou e caiu em p\u00e9 na rua Guilherme Victorino, em frente a uma pizzaria, surpreendendo clientes que almo\u00e7avam no local. O impacto do acidente resultou na destrui\u00e7\u00e3o da frente do ve\u00edculo.<\/p>\n<p>Conforme relatos, o momento do incidente, o policial penal estaria realizando a entrega de marmitas na regi\u00e3o.<\/p>\n<p>Equipes da Pol\u00edcia Militar e da Secretaria de Mobilidade Urbana (Semob) rapidamente chegaram ao local para controlar o tr\u00e2nsito durante a ocorr\u00eancia.<\/p>\n<p>O Servi\u00e7o de Atendimento M\u00f3vel de Urg\u00eancia (Samu) esteve no local para socorrer a v\u00edtima, que foi encaminhada ao Hospital Municipal de Cuiab\u00e1 (HMC). Infelizmente, mesmo com os esfor\u00e7os da equipe m\u00e9dica, Claudinei n\u00e3o resistiu aos ferimentos e veio a falecer.<\/p>\n<p>V\u00eddeos:<\/p>\n<div style=\"width: 480px\" class=\"wp-video\"><!--[if lt IE 9]&gt;document.createElement('video');&lt;![endif]--><br \/>\n<video class=\"wp-video-shortcode\" id=\"video-26839-1\" width=\"480\" height=\"864\" preload=\"metadata\" controls=\"controls\">http:\/\/rgtnews.com.br\/wp-content\/uploads\/2024\/01\/33d2ab3d7cca9891ea76f18a43a7e7b7.mp4<\/video><\/div>\n<p>&nbsp;<\/p>\n<div style=\"width: 480px\" class=\"wp-video\"><video class=\"wp-video-shortcode\" id=\"video-26839-2\" width=\"480\" height=\"864\" preload=\"metadata\" controls=\"controls\">http:\/\/rgtnews.com.br\/wp-content\/uploads\/2024\/01\/1ef424aca09c72815e8a1e0d911b2203.mp4<\/video><\/div>\n<p><br \/>\n<br \/><a href=\"https:\/\/rgtnews.com.br\/destaque\/policial-penal-passa-mal-despenca-com-carro-e-morre-em-mt-videos\/?utm_source=rss&#038;utm_medium=rss&#038;utm_campaign=policial-penal-passa-mal-despenca-com-carro-e-morre-em-mt-videos\">Fonte da Noticia <\/a><\/p>\n","protected":false},"excerpt":{"rendered":"<p>Claudinei Jos\u00e9 Souza Cruz, policial penal de 52 anos, morreu ap\u00f3s um acidente no in\u00edcio da tarde, em Cuiab\u00e1-MT. O policial perdeu o controle do ve\u00edculo Gol que dirigia, capotou e despencou na Avenida Miguel Sutil. Ele n\u00e3o resistiu aos ferimentos. A principal suspeita \u00e9 de que o policial tenha sofrido um infarto antes do [&hellip;]<\/p>\n","protected":false},"author":1,"featured_media":5036,"comment_status":"closed","ping_status":"closed","sticky":false,"template":"","format":"standard","meta":[],"categories":[1],"tags":[],"_links":{"self":[{"href":"https:\/\/ligana104.com.br\/2021\/wp-json\/wp\/v2\/posts\/5035"}],"collection":[{"href":"https:\/\/ligana104.com.br\/2021\/wp-json\/wp\/v2\/posts"}],"about":[{"href":"https:\/\/ligana104.com.br\/2021\/wp-json\/wp\/v2\/types\/post"}],"author":[{"embeddable":true,"href":"https:\/\/ligana104.com.br\/2021\/wp-json\/wp\/v2\/users\/1"}],"replies":[{"embeddable":true,"href":"https:\/\/ligana104.com.br\/2021\/wp-json\/wp\/v2\/comments?post=5035"}],"version-history":[{"count":1,"href":"https:\/\/ligana104.com.br\/2021\/wp-json\/wp\/v2\/posts\/5035\/revisions"}],"predecessor-version":[{"id":5037,"href":"https:\/\/ligana104.com.br\/2021\/wp-json\/wp\/v2\/posts\/5035\/revisions\/5037"}],"wp:featuredmedia":[{"embeddable":true,"href":"https:\/\/ligana104.com.br\/2021\/wp-json\/wp\/v2\/media\/5036"}],"wp:attachment":[{"href":"https:\/\/ligana104.com.br\/2021\/wp-json\/wp\/v2\/media?parent=5035"}],"wp:term":[{"taxonomy":"category","embeddable":true,"href":"https:\/\/ligana104.com.br\/2021\/wp-json\/wp\/v2\/categories?post=5035"},{"taxonomy":"post_tag","embeddable":true,"href":"https:\/\/ligana104.com.br\/2021\/wp-json\/wp\/v2\/tags?post=5035"}],"curies":[{"name":"wp","href":"https:\/\/api.w.org\/{rel}","templated":true}]}}