{"id":5029,"date":"2024-01-18T17:03:28","date_gmt":"2024-01-18T19:03:28","guid":{"rendered":"https:\/\/ligana104.com.br\/2021\/2024\/01\/18\/mais-um-membro-de-faccao-e-preso-por-degolar-homem-as-margens-do-rio-piquiri-em-mt\/"},"modified":"2024-01-18T17:03:28","modified_gmt":"2024-01-18T19:03:28","slug":"mais-um-membro-de-faccao-e-preso-por-degolar-homem-as-margens-do-rio-piquiri-em-mt","status":"publish","type":"post","link":"https:\/\/ligana104.com.br\/2021\/2024\/01\/18\/mais-um-membro-de-faccao-e-preso-por-degolar-homem-as-margens-do-rio-piquiri-em-mt\/","title":{"rendered":"Mais um membro de fac\u00e7\u00e3o \u00e9 preso por degolar homem \u00e0s margens do Rio Piquiri em MT"},"content":{"rendered":"<p> <br \/>\n<\/p>\n<div>\n<div>A Pol\u00edcia Civil, por meio da Delegacia Especializada de Roubos e Furtos (Derf) de Nova Mutum (264 km a m\u00e9dio-norte de Cuiab\u00e1), cumpriu nesta quarta-feira (17.01), o mandado de pris\u00e3o preventiva contra mais um dos envolvidos em um b\u00e1rbaro homic\u00eddio, ocorrido no primeiro semestre de 2023, no munic\u00edpio.<\/p>\n<p>A ordem de pris\u00e3o preventiva foi expedida pela 3\u00aa Vara Criminal de Nova Mutum com base em investiga\u00e7\u00f5es da Derf, conduzidas pelo delegado Rodrigo Rufato.<\/p>\n<p>O crime que vitimou Janielson Cardoso Alves, ocorreu no m\u00eas de maio, quando a v\u00edtima foi levada at\u00e9 as margens do Rio Piquiri, na zona rural de Nova Mutum, onde foi executada com in\u00fameras facadas, sendo degolada pelos suspeitos. O corpo foi localizado j\u00e1 em avan\u00e7ado est\u00e1gio de decomposi\u00e7\u00e3o.<\/p>\n<p>Durante investiga\u00e7\u00f5es realizadas pela equipe da Derf, no enfrentamento ao tr\u00e1fico de entorpecentes e \u00e0 atua\u00e7\u00e3o de fac\u00e7\u00f5es criminosos, surgiram elementos que levaram aos autores do crime. Ao todo, quatro pessoas foram identificadas e indiciadas em inqu\u00e9rito policial pela participa\u00e7\u00e3o no homic\u00eddio.<\/p>\n<p>\u201cCom a pris\u00e3o do suspeito, dois dos envolvidos j\u00e1 foram presos em a\u00e7\u00f5es realizadas pela equipe da Derf de Nova Mutum. As dilig\u00eancias continuam na inten\u00e7\u00e3o de localizar e prender os outros dois autores do crime\u201d, disse Rufato.<\/p>\n<\/div>\n<\/div>\n<p><br \/>\n<br \/><a href=\"https:\/\/rgtnews.com.br\/sem-categoria\/mais-um-membro-de-faccao-e-preso-por-degolar-homem-as-margens-do-rio-piquiri-em-mt\/?utm_source=rss&#038;utm_medium=rss&#038;utm_campaign=mais-um-membro-de-faccao-e-preso-por-degolar-homem-as-margens-do-rio-piquiri-em-mt\">Fonte da Noticia <\/a><\/p>\n","protected":false},"excerpt":{"rendered":"<p>A Pol\u00edcia Civil, por meio da Delegacia Especializada de Roubos e Furtos (Derf) de Nova Mutum (264 km a m\u00e9dio-norte de Cuiab\u00e1), cumpriu nesta quarta-feira (17.01), o mandado de pris\u00e3o preventiva contra mais um dos envolvidos em um b\u00e1rbaro homic\u00eddio, ocorrido no primeiro semestre de 2023, no munic\u00edpio. A ordem de pris\u00e3o preventiva foi expedida [&hellip;]<\/p>\n","protected":false},"author":1,"featured_media":5030,"comment_status":"closed","ping_status":"closed","sticky":false,"template":"","format":"standard","meta":[],"categories":[1],"tags":[],"_links":{"self":[{"href":"https:\/\/ligana104.com.br\/2021\/wp-json\/wp\/v2\/posts\/5029"}],"collection":[{"href":"https:\/\/ligana104.com.br\/2021\/wp-json\/wp\/v2\/posts"}],"about":[{"href":"https:\/\/ligana104.com.br\/2021\/wp-json\/wp\/v2\/types\/post"}],"author":[{"embeddable":true,"href":"https:\/\/ligana104.com.br\/2021\/wp-json\/wp\/v2\/users\/1"}],"replies":[{"embeddable":true,"href":"https:\/\/ligana104.com.br\/2021\/wp-json\/wp\/v2\/comments?post=5029"}],"version-history":[{"count":1,"href":"https:\/\/ligana104.com.br\/2021\/wp-json\/wp\/v2\/posts\/5029\/revisions"}],"predecessor-version":[{"id":5031,"href":"https:\/\/ligana104.com.br\/2021\/wp-json\/wp\/v2\/posts\/5029\/revisions\/5031"}],"wp:featuredmedia":[{"embeddable":true,"href":"https:\/\/ligana104.com.br\/2021\/wp-json\/wp\/v2\/media\/5030"}],"wp:attachment":[{"href":"https:\/\/ligana104.com.br\/2021\/wp-json\/wp\/v2\/media?parent=5029"}],"wp:term":[{"taxonomy":"category","embeddable":true,"href":"https:\/\/ligana104.com.br\/2021\/wp-json\/wp\/v2\/categories?post=5029"},{"taxonomy":"post_tag","embeddable":true,"href":"https:\/\/ligana104.com.br\/2021\/wp-json\/wp\/v2\/tags?post=5029"}],"curies":[{"name":"wp","href":"https:\/\/api.w.org\/{rel}","templated":true}]}}