{"id":5021,"date":"2024-01-18T16:59:36","date_gmt":"2024-01-18T18:59:36","guid":{"rendered":"https:\/\/ligana104.com.br\/2021\/2024\/01\/18\/racha-entre-veiculos-de-luxo-deixa-porsche-e-fox-destruidos-em-mt-veja\/"},"modified":"2024-01-18T16:59:37","modified_gmt":"2024-01-18T18:59:37","slug":"racha-entre-veiculos-de-luxo-deixa-porsche-e-fox-destruidos-em-mt-veja","status":"publish","type":"post","link":"https:\/\/ligana104.com.br\/2021\/2024\/01\/18\/racha-entre-veiculos-de-luxo-deixa-porsche-e-fox-destruidos-em-mt-veja\/","title":{"rendered":"\u2018Racha\u2019 entre ve\u00edculos de luxo deixa Porsche e Fox destru\u00eddos em MT; veja"},"content":{"rendered":"<p> <br \/>\n<\/p>\n<p>Na noite desta quarta-feira, uma suposta disputa de racha entre um Porsche 911 e um ve\u00edculo de luxo, ainda n\u00e3o identificado, quase resultou em trag\u00e9dia na rodovia MT-010 (Estrada da Guia), em Cuiab\u00e1. O ve\u00edculo de luxo, avaliado em cerca de R$ 1 milh\u00e3o, era conduzido por um empres\u00e1rio do ramo de minera\u00e7\u00e3o, acompanhado de sua esposa.<\/p>\n<p>De acordo com informa\u00e7\u00f5es do rep\u00f3rter Serginho Lapada (TV Rondon), um ve\u00edculo Fox preto, que sa\u00eda de um posto na avenida, foi atingido na traseira pelo Porsche em alt\u00edssima velocidade.<\/p>\n<p>O utilit\u00e1rio perdeu o controle e acabou indo parar na pista de caminhada da MT-010. O Fox ficou praticamente destru\u00eddo, e o motorista teve ferimentos leves. O estado de sa\u00fade do casal no ve\u00edculo de luxo ainda n\u00e3o foi informado.<\/p>\n<\/p>\n<p>As imagens do circuito interno de um condom\u00ednio na rodovia registraram o impacto da colis\u00e3o. O acidente ocorreu nas proximidades da Esfap (Escola Superior de Forma\u00e7\u00e3o e Aperfei\u00e7oamento de Pra\u00e7as) da Pol\u00edcia Militar.<\/p>\n<p><img decoding=\"async\" loading=\"lazy\" class=\"alignnone size-medium wp-image-26813\" src=\"http:\/\/rgtnews.com.br\/wp-content\/uploads\/2024\/01\/IMG_8469-300x213.jpeg\" alt=\"\" width=\"300\" height=\"213\" \/><\/p>\n<p><br \/>\n<br \/><a href=\"https:\/\/rgtnews.com.br\/destaque\/racha-entre-veiculos-de-luxo-deixa-porsche-e-fox-destruidos-em-mt-veja\/?utm_source=rss&#038;utm_medium=rss&#038;utm_campaign=racha-entre-veiculos-de-luxo-deixa-porsche-e-fox-destruidos-em-mt-veja\">Fonte da Noticia <\/a><\/p>\n","protected":false},"excerpt":{"rendered":"<p>Na noite desta quarta-feira, uma suposta disputa de racha entre um Porsche 911 e um ve\u00edculo de luxo, ainda n\u00e3o identificado, quase resultou em trag\u00e9dia na rodovia MT-010 (Estrada da Guia), em Cuiab\u00e1. O ve\u00edculo de luxo, avaliado em cerca de R$ 1 milh\u00e3o, era conduzido por um empres\u00e1rio do ramo de minera\u00e7\u00e3o, acompanhado de [&hellip;]<\/p>\n","protected":false},"author":1,"featured_media":5022,"comment_status":"closed","ping_status":"closed","sticky":false,"template":"","format":"standard","meta":[],"categories":[1],"tags":[],"_links":{"self":[{"href":"https:\/\/ligana104.com.br\/2021\/wp-json\/wp\/v2\/posts\/5021"}],"collection":[{"href":"https:\/\/ligana104.com.br\/2021\/wp-json\/wp\/v2\/posts"}],"about":[{"href":"https:\/\/ligana104.com.br\/2021\/wp-json\/wp\/v2\/types\/post"}],"author":[{"embeddable":true,"href":"https:\/\/ligana104.com.br\/2021\/wp-json\/wp\/v2\/users\/1"}],"replies":[{"embeddable":true,"href":"https:\/\/ligana104.com.br\/2021\/wp-json\/wp\/v2\/comments?post=5021"}],"version-history":[{"count":1,"href":"https:\/\/ligana104.com.br\/2021\/wp-json\/wp\/v2\/posts\/5021\/revisions"}],"predecessor-version":[{"id":5023,"href":"https:\/\/ligana104.com.br\/2021\/wp-json\/wp\/v2\/posts\/5021\/revisions\/5023"}],"wp:featuredmedia":[{"embeddable":true,"href":"https:\/\/ligana104.com.br\/2021\/wp-json\/wp\/v2\/media\/5022"}],"wp:attachment":[{"href":"https:\/\/ligana104.com.br\/2021\/wp-json\/wp\/v2\/media?parent=5021"}],"wp:term":[{"taxonomy":"category","embeddable":true,"href":"https:\/\/ligana104.com.br\/2021\/wp-json\/wp\/v2\/categories?post=5021"},{"taxonomy":"post_tag","embeddable":true,"href":"https:\/\/ligana104.com.br\/2021\/wp-json\/wp\/v2\/tags?post=5021"}],"curies":[{"name":"wp","href":"https:\/\/api.w.org\/{rel}","templated":true}]}}