{"id":5018,"date":"2024-01-18T16:57:04","date_gmt":"2024-01-18T18:57:04","guid":{"rendered":"https:\/\/ligana104.com.br\/2021\/2024\/01\/18\/sanear-adquire-25-veiculos-novos-e-se-consolida-como-referencia-em-saneamento\/"},"modified":"2024-01-18T16:57:05","modified_gmt":"2024-01-18T18:57:05","slug":"sanear-adquire-25-veiculos-novos-e-se-consolida-como-referencia-em-saneamento","status":"publish","type":"post","link":"https:\/\/ligana104.com.br\/2021\/2024\/01\/18\/sanear-adquire-25-veiculos-novos-e-se-consolida-como-referencia-em-saneamento\/","title":{"rendered":"Sanear adquire 25 ve\u00edculos novos e se consolida como refer\u00eancia em saneamento"},"content":{"rendered":"<p> <br \/>\n<\/p>\n<div id=\"infocoweb_corpo\">\n<p>O Servi\u00e7o de Saneamento Ambiental de Rondon\u00f3polis Terezinha Silva de Souza (Sanear) incorporou nesta semana 25 ve\u00edculos novos \u00e0 frota utilizada para atender a popula\u00e7\u00e3o. Os ve\u00edculos foram entregues nesta quarta-feira (17) pelo presidente da autarquia, Paulo Jos\u00e9 Correia, numa cerim\u00f4nia com a participa\u00e7\u00e3o do prefeito Jos\u00e9 Carlos do P\u00e1tio, vereadores, secret\u00e1rios e lideran\u00e7as de v\u00e1rias entidades civis \u2013 como a CDL, Acir, Sindicato dos Trabalhadores no Transporte e associa\u00e7\u00f5es de moradores. <\/p>\n<p>A frota foi refor\u00e7ada com oito autom\u00f3veis, cinco utilit\u00e1rios, dez motocicletas e duas caminhonetes, totalizando um investimento de R$ 1,96 milh\u00e3o. O presidente Paulo Jos\u00e9 explicou que os ve\u00edculos foram adquiridos com recursos pr\u00f3prios e confirmam a disposi\u00e7\u00e3o do Sanear de garantir condi\u00e7\u00f5es de trabalho ideais aos seus colaboradores, valorizar o patrim\u00f4nio da autarquia e elevar a qualidade dos servi\u00e7os<\/p>\n<p>\u201cEsta \u00e9 mais uma a\u00e7\u00e3o alinhada ao projeto de melhorar o atendimento ao cidad\u00e3o. Hoje chegamos a mais de 110 mil resid\u00eancias com \u00e1gua tratada, esgoto e coleta de lixo. Atendemos tamb\u00e9m a aldeia Tadarimana com coleta de lixo e assumimos o abastecimento de \u00e1gua nas comunidades rurais, prestando um servi\u00e7o de excel\u00eancia reconhecido nacionalmente\u201d, afirmou Paulo Jos\u00e9.<\/p>\n<p>Al\u00e9m da renova\u00e7\u00e3o da frota, o presidente destacou outras iniciativas do Sanear, como a implanta\u00e7\u00e3o do pagamento via PIX, a inaugura\u00e7\u00e3o do novo Centro Comercial, o programa de redu\u00e7\u00e3o de perdas e a moderniza\u00e7\u00e3o das esta\u00e7\u00f5es de capta\u00e7\u00e3o e tratamento de \u00e1gua e esgoto. <\/p>\n<figure><\/figure>\n<p>\u201cEstamos provando que \u00e9 poss\u00edvel ter um servi\u00e7o p\u00fablico eficiente, que atende as necessidades da popula\u00e7\u00e3o. Quem defende a privatiza\u00e7\u00e3o na verdade est\u00e1 confessando a incapacidade de fazer uma boa gest\u00e3o p\u00fablica\u201d, destacou.<\/p>\n<p>O prefeito Jos\u00e9 Carlos do P\u00e1tio tamb\u00e9m classificou os investimentos como fruto de uma gest\u00e3o eficiente. \u201cRondon\u00f3polis tem hoje um servi\u00e7o que \u00e9 exemplo para o pa\u00eds com uma das menores tarifas. Enquanto cidades que privatizaram o saneamento enfrentam crises constantes, aqui fazemos investimentos e expandimos os servi\u00e7os. Estamos indo no caminho correto\u201d, afirmou o prefeito.<\/p>\n<p>Os novos ve\u00edculos j\u00e1 foram repassados aos respectivos departamentos e ser\u00e3o usados em opera\u00e7\u00f5es de manuten\u00e7\u00e3o, fiscaliza\u00e7\u00e3o e atividades administrativas. A dire\u00e7\u00e3o do Sanear antecipou que ainda neste ano deve adquirir tamb\u00e9m novos caminh\u00f5es e m\u00e1quinas para refor\u00e7ar o setor operacional.<\/p>\n<figure><img decoding=\"async\" src=\"https:\/\/urgentenews.com.br\/wp-content\/uploads\/2024\/01\/17\/e6b720cee9b828eff840265592126031.jpg\" data-image=\"WhatsApp Image 2024-01-17 at 15.49.36 (1).jpeg\"\/><\/figure>\n<p id=\"infocoweb_fonte\" class=\"infocoweb_fonte\">Fonte: <a target=\"_blank\" href=\"http:\/\/www.rondonopolis.mt.gov.br\/noticias\/sanear-adquire-25-veiculos-novos-e-se-consolida-como-referencia-em-saneamento\/#1abcc2d4-21e0-4e96-a5f9-088481d44570\" rel=\"noopener\">Prefeitura de Rondon\u00f3polis \u2013 MT<\/a><\/p>\n<\/div>\n<p><br \/>\n<br \/><a href=\"https:\/\/nmt.com.br\/2024\/01\/17\/sanear-adquire-25-veiculos-novos-e-se-consolida-como-referencia-em-saneamento\/\">Source link <\/a><\/p>\n","protected":false},"excerpt":{"rendered":"<p>O Servi\u00e7o de Saneamento Ambiental de Rondon\u00f3polis Terezinha Silva de Souza (Sanear) incorporou nesta semana 25 ve\u00edculos novos \u00e0 frota utilizada para atender a popula\u00e7\u00e3o. Os ve\u00edculos foram entregues nesta quarta-feira (17) pelo presidente da autarquia, Paulo Jos\u00e9 Correia, numa cerim\u00f4nia com a participa\u00e7\u00e3o do prefeito Jos\u00e9 Carlos do P\u00e1tio, vereadores, secret\u00e1rios e lideran\u00e7as de [&hellip;]<\/p>\n","protected":false},"author":1,"featured_media":5019,"comment_status":"closed","ping_status":"closed","sticky":false,"template":"","format":"standard","meta":[],"categories":[1],"tags":[],"_links":{"self":[{"href":"https:\/\/ligana104.com.br\/2021\/wp-json\/wp\/v2\/posts\/5018"}],"collection":[{"href":"https:\/\/ligana104.com.br\/2021\/wp-json\/wp\/v2\/posts"}],"about":[{"href":"https:\/\/ligana104.com.br\/2021\/wp-json\/wp\/v2\/types\/post"}],"author":[{"embeddable":true,"href":"https:\/\/ligana104.com.br\/2021\/wp-json\/wp\/v2\/users\/1"}],"replies":[{"embeddable":true,"href":"https:\/\/ligana104.com.br\/2021\/wp-json\/wp\/v2\/comments?post=5018"}],"version-history":[{"count":1,"href":"https:\/\/ligana104.com.br\/2021\/wp-json\/wp\/v2\/posts\/5018\/revisions"}],"predecessor-version":[{"id":5020,"href":"https:\/\/ligana104.com.br\/2021\/wp-json\/wp\/v2\/posts\/5018\/revisions\/5020"}],"wp:featuredmedia":[{"embeddable":true,"href":"https:\/\/ligana104.com.br\/2021\/wp-json\/wp\/v2\/media\/5019"}],"wp:attachment":[{"href":"https:\/\/ligana104.com.br\/2021\/wp-json\/wp\/v2\/media?parent=5018"}],"wp:term":[{"taxonomy":"category","embeddable":true,"href":"https:\/\/ligana104.com.br\/2021\/wp-json\/wp\/v2\/categories?post=5018"},{"taxonomy":"post_tag","embeddable":true,"href":"https:\/\/ligana104.com.br\/2021\/wp-json\/wp\/v2\/tags?post=5018"}],"curies":[{"name":"wp","href":"https:\/\/api.w.org\/{rel}","templated":true}]}}