{"id":5015,"date":"2024-01-18T16:54:08","date_gmt":"2024-01-18T18:54:08","guid":{"rendered":"https:\/\/ligana104.com.br\/2021\/2024\/01\/18\/crise-64-dos-mais-pobres-reduziram-despesas-nos-ultimos-seis-meses\/"},"modified":"2024-01-18T16:54:09","modified_gmt":"2024-01-18T18:54:09","slug":"crise-64-dos-mais-pobres-reduziram-despesas-nos-ultimos-seis-meses","status":"publish","type":"post","link":"https:\/\/ligana104.com.br\/2021\/2024\/01\/18\/crise-64-dos-mais-pobres-reduziram-despesas-nos-ultimos-seis-meses\/","title":{"rendered":"Crise: 64% dos mais pobres reduziram despesas nos \u00faltimos seis meses"},"content":{"rendered":"<p> <br \/>\n<\/p>\n<p>Um estudo recente conduzido e divulgado pela Confedera\u00e7\u00e3o Nacional da Ind\u00fastria (CNI) revelou que, nos \u00faltimos seis meses, 48% dos brasileiros precisaram diminuir suas despesas devido \u00e0s condi\u00e7\u00f5es financeiras adversas.<\/p>\n<p>Esse impacto foi maior entre indiv\u00edduos com renda familiar de at\u00e9 um sal\u00e1rio m\u00ednimo. Segundo a pesquisa, 64% dos entrevistados nessa categoria afirmaram ter realizado cortes em suas despesas.<\/p>\n<p>Al\u00e9m disso, a an\u00e1lise destacou que os brasileiros com idades entre 25 e 40 anos foram os mais afetados por essas redu\u00e7\u00f5es. Cerca de 54% dos entrevistados nessa faixa et\u00e1ria admitiram ter implementado redu\u00e7\u00e3o em seus gastos financeiros.<\/p>\n<p>O estudo da CNI tamb\u00e9m trouxe \u00e0 tona que, dentre os entrevistados, 74% acreditam que esse corte ser\u00e1 uma medida tempor\u00e1ria para lidar com a situa\u00e7\u00e3o financeira. No entanto, 21% dos participantes admitiram que essa conten\u00e7\u00e3o foi adotada de forma definitiva, indicando uma mudan\u00e7a em seus h\u00e1bitos financeiros.<\/p>\n<p><br \/>\n<br \/><a href=\"https:\/\/rgtnews.com.br\/noticias\/agro-economia\/crise-64-dos-mais-pobres-reduziram-despesas-nos-ultimos-seis-meses\/?utm_source=rss&#038;utm_medium=rss&#038;utm_campaign=crise-64-dos-mais-pobres-reduziram-despesas-nos-ultimos-seis-meses\">Source link <\/a><\/p>\n","protected":false},"excerpt":{"rendered":"<p>Um estudo recente conduzido e divulgado pela Confedera\u00e7\u00e3o Nacional da Ind\u00fastria (CNI) revelou que, nos \u00faltimos seis meses, 48% dos brasileiros precisaram diminuir suas despesas devido \u00e0s condi\u00e7\u00f5es financeiras adversas. Esse impacto foi maior entre indiv\u00edduos com renda familiar de at\u00e9 um sal\u00e1rio m\u00ednimo. Segundo a pesquisa, 64% dos entrevistados nessa categoria afirmaram ter realizado [&hellip;]<\/p>\n","protected":false},"author":1,"featured_media":5016,"comment_status":"closed","ping_status":"closed","sticky":false,"template":"","format":"standard","meta":[],"categories":[1],"tags":[],"_links":{"self":[{"href":"https:\/\/ligana104.com.br\/2021\/wp-json\/wp\/v2\/posts\/5015"}],"collection":[{"href":"https:\/\/ligana104.com.br\/2021\/wp-json\/wp\/v2\/posts"}],"about":[{"href":"https:\/\/ligana104.com.br\/2021\/wp-json\/wp\/v2\/types\/post"}],"author":[{"embeddable":true,"href":"https:\/\/ligana104.com.br\/2021\/wp-json\/wp\/v2\/users\/1"}],"replies":[{"embeddable":true,"href":"https:\/\/ligana104.com.br\/2021\/wp-json\/wp\/v2\/comments?post=5015"}],"version-history":[{"count":1,"href":"https:\/\/ligana104.com.br\/2021\/wp-json\/wp\/v2\/posts\/5015\/revisions"}],"predecessor-version":[{"id":5017,"href":"https:\/\/ligana104.com.br\/2021\/wp-json\/wp\/v2\/posts\/5015\/revisions\/5017"}],"wp:featuredmedia":[{"embeddable":true,"href":"https:\/\/ligana104.com.br\/2021\/wp-json\/wp\/v2\/media\/5016"}],"wp:attachment":[{"href":"https:\/\/ligana104.com.br\/2021\/wp-json\/wp\/v2\/media?parent=5015"}],"wp:term":[{"taxonomy":"category","embeddable":true,"href":"https:\/\/ligana104.com.br\/2021\/wp-json\/wp\/v2\/categories?post=5015"},{"taxonomy":"post_tag","embeddable":true,"href":"https:\/\/ligana104.com.br\/2021\/wp-json\/wp\/v2\/tags?post=5015"}],"curies":[{"name":"wp","href":"https:\/\/api.w.org\/{rel}","templated":true}]}}