{"id":5009,"date":"2024-01-18T16:49:43","date_gmt":"2024-01-18T18:49:43","guid":{"rendered":"https:\/\/ligana104.com.br\/2021\/2024\/01\/18\/faccionado-invade-casa-para-matar-rival-mas-acaba-morto-esfaqueado-em-mt-imagem-forte\/"},"modified":"2024-01-18T16:49:43","modified_gmt":"2024-01-18T18:49:43","slug":"faccionado-invade-casa-para-matar-rival-mas-acaba-morto-esfaqueado-em-mt-imagem-forte","status":"publish","type":"post","link":"https:\/\/ligana104.com.br\/2021\/2024\/01\/18\/faccionado-invade-casa-para-matar-rival-mas-acaba-morto-esfaqueado-em-mt-imagem-forte\/","title":{"rendered":"Faccionado invade casa para matar rival mas acaba morto esfaqueado em MT; imagem forte"},"content":{"rendered":"<p> <br \/>\n<\/p>\n<div>\n<p>Um bandido morreu esfaqueado ap\u00f3s invadir uma resid\u00eancia para matar um rival, na noite de quarta-feira (17) na cidade de Ju\u00edna. Outra pessoa foi atingida com dois tiros e levada ao hospital.<\/p>\n<p>Em entrevista a um site local, a PM suspeita que pelas caracter\u00edsticas e modus operandi, se trata de um acerto de contas entre fac\u00e7\u00f5es,<\/p>\n<p>Conforme relatos da Pol\u00edcia Militar, quatro criminosos foram at\u00e9 o im\u00f3vel com o objetivo de sequestrar um jovem de 19 anos.<\/p>\n<p>Os moradores da casa estavam dormindo quando foram surpreendidos pelos bandidos, que de imediato apontaram a arma para o jovem.<\/p>\n<p>Em seguida, ele alegou que iria pegar o cal\u00e7ado e entrou em luta corporal contra o criminoso. Na briga, ele foi atingido por tiros mas conseguiu acertar o invasor com um canivete. O bandido chegou a correr mas morreu nos fundos do local.<\/p>\n<p>Ap\u00f3s o fato, os demais criminosos fugiram da casa.<\/p>\n<p>O Samu esteve no local e encaminhou a v\u00edtima para uma unidade m\u00e9dica. Os disparos atingiram a regi\u00e3o abdominal e nos quadris do rapaz.\u00a0<\/p>\n<p>O quadro de sa\u00fade atual dele n\u00e3o foi informado. A Pol\u00edcia Civil investiga o caso.<\/p>\n<\/p><\/div>\n<p><br \/>\n<br \/><a href=\"https:\/\/rgtnews.com.br\/destaque\/faccionado-invade-casa-para-matar-rival-mas-acaba-morto-esfaqueado-em-mt-imagem-forte\/?utm_source=rss&#038;utm_medium=rss&#038;utm_campaign=faccionado-invade-casa-para-matar-rival-mas-acaba-morto-esfaqueado-em-mt-imagem-forte\">Source link <\/a><\/p>\n","protected":false},"excerpt":{"rendered":"<p>Um bandido morreu esfaqueado ap\u00f3s invadir uma resid\u00eancia para matar um rival, na noite de quarta-feira (17) na cidade de Ju\u00edna. Outra pessoa foi atingida com dois tiros e levada ao hospital. Em entrevista a um site local, a PM suspeita que pelas caracter\u00edsticas e modus operandi, se trata de um acerto de contas entre [&hellip;]<\/p>\n","protected":false},"author":1,"featured_media":5010,"comment_status":"closed","ping_status":"closed","sticky":false,"template":"","format":"standard","meta":[],"categories":[1],"tags":[],"_links":{"self":[{"href":"https:\/\/ligana104.com.br\/2021\/wp-json\/wp\/v2\/posts\/5009"}],"collection":[{"href":"https:\/\/ligana104.com.br\/2021\/wp-json\/wp\/v2\/posts"}],"about":[{"href":"https:\/\/ligana104.com.br\/2021\/wp-json\/wp\/v2\/types\/post"}],"author":[{"embeddable":true,"href":"https:\/\/ligana104.com.br\/2021\/wp-json\/wp\/v2\/users\/1"}],"replies":[{"embeddable":true,"href":"https:\/\/ligana104.com.br\/2021\/wp-json\/wp\/v2\/comments?post=5009"}],"version-history":[{"count":1,"href":"https:\/\/ligana104.com.br\/2021\/wp-json\/wp\/v2\/posts\/5009\/revisions"}],"predecessor-version":[{"id":5011,"href":"https:\/\/ligana104.com.br\/2021\/wp-json\/wp\/v2\/posts\/5009\/revisions\/5011"}],"wp:featuredmedia":[{"embeddable":true,"href":"https:\/\/ligana104.com.br\/2021\/wp-json\/wp\/v2\/media\/5010"}],"wp:attachment":[{"href":"https:\/\/ligana104.com.br\/2021\/wp-json\/wp\/v2\/media?parent=5009"}],"wp:term":[{"taxonomy":"category","embeddable":true,"href":"https:\/\/ligana104.com.br\/2021\/wp-json\/wp\/v2\/categories?post=5009"},{"taxonomy":"post_tag","embeddable":true,"href":"https:\/\/ligana104.com.br\/2021\/wp-json\/wp\/v2\/tags?post=5009"}],"curies":[{"name":"wp","href":"https:\/\/api.w.org\/{rel}","templated":true}]}}