{"id":5006,"date":"2024-01-18T16:47:32","date_gmt":"2024-01-18T18:47:32","guid":{"rendered":"https:\/\/ligana104.com.br\/2021\/2024\/01\/18\/equipe-do-procon-adere-a-acao-nacional-de-fiscalizacao-de-aeroportos\/"},"modified":"2024-01-18T16:47:33","modified_gmt":"2024-01-18T18:47:33","slug":"equipe-do-procon-adere-a-acao-nacional-de-fiscalizacao-de-aeroportos","status":"publish","type":"post","link":"https:\/\/ligana104.com.br\/2021\/2024\/01\/18\/equipe-do-procon-adere-a-acao-nacional-de-fiscalizacao-de-aeroportos\/","title":{"rendered":"Equipe do Procon adere \u00e0 a\u00e7\u00e3o nacional de fiscaliza\u00e7\u00e3o de aeroportos"},"content":{"rendered":"<p> <br \/>\n<\/p>\n<div id=\"infocoweb_corpo\">\n<p>Uma equipe do Procon de Rondon\u00f3polis realizou na tarde desta quarta-feira (17) uma fiscaliza\u00e7\u00e3o no Aeroporto \u201cMaestro Marinho Franco\u201d. A a\u00e7\u00e3o foi feita por Procons de todo Brasil nas cidades que possuem aeroportos. <\/p>\n<p>\u201cFomos convidados a participar desta a\u00e7\u00e3o desenvolvida de forma nacional e o aeroporto local est\u00e1 cumprindo as resolu\u00e7\u00f5es da Anac (Ag\u00eancia Nacional de Avia\u00e7\u00e3o). N\u00e3o foram encontradas irregularidades\u201d, destacou a coordenadora do Procon em Rondon\u00f3polis, Luana Soares.<\/p>\n<p>A \u00fanica observa\u00e7\u00e3o de inadequa\u00e7\u00e3o foi no que diz respeito a oferecer alimenta\u00e7\u00e3o em casos de atrasos de duas horas ou mais do voo. Diante do que a estrutura que o aeroporto oferece, n\u00e3o tem como ser ofertada a alimenta\u00e7\u00e3o porque n\u00e3o h\u00e1 nenhuma lanchonete ou restaurante no local. <\/p>\n<p>Al\u00e9m das informa\u00e7\u00f5es sobre embarque, cobran\u00e7a de bagagens e organiza\u00e7\u00e3o por passageiros preferenciais, as normas est\u00e3o sendo cumpridas, assim como ao que diz respeito aos cancelamentos de passagens.<\/p>\n<p id=\"infocoweb_fonte\" class=\"infocoweb_fonte\">Fonte: <a target=\"_blank\" href=\"http:\/\/www.rondonopolis.mt.gov.br\/noticias\/equipe-do-procon-adere-a-acao-nacional-de-fiscalizacao-de-aeroportos\/#5bf29b62-f206-4154-93e3-0058bf3843bb\" rel=\"noopener\">Prefeitura de Rondon\u00f3polis \u2013 MT<\/a><\/p>\n<\/div>\n<p><br \/>\n<br \/><a href=\"https:\/\/nmt.com.br\/2024\/01\/17\/equipe-do-procon-adere-a-acao-nacional-de-fiscalizacao-de-aeroportos\/\">Source link <\/a><\/p>\n","protected":false},"excerpt":{"rendered":"<p>Uma equipe do Procon de Rondon\u00f3polis realizou na tarde desta quarta-feira (17) uma fiscaliza\u00e7\u00e3o no Aeroporto \u201cMaestro Marinho Franco\u201d. A a\u00e7\u00e3o foi feita por Procons de todo Brasil nas cidades que possuem aeroportos. \u201cFomos convidados a participar desta a\u00e7\u00e3o desenvolvida de forma nacional e o aeroporto local est\u00e1 cumprindo as resolu\u00e7\u00f5es da Anac (Ag\u00eancia Nacional [&hellip;]<\/p>\n","protected":false},"author":1,"featured_media":5007,"comment_status":"closed","ping_status":"closed","sticky":false,"template":"","format":"standard","meta":[],"categories":[1],"tags":[],"_links":{"self":[{"href":"https:\/\/ligana104.com.br\/2021\/wp-json\/wp\/v2\/posts\/5006"}],"collection":[{"href":"https:\/\/ligana104.com.br\/2021\/wp-json\/wp\/v2\/posts"}],"about":[{"href":"https:\/\/ligana104.com.br\/2021\/wp-json\/wp\/v2\/types\/post"}],"author":[{"embeddable":true,"href":"https:\/\/ligana104.com.br\/2021\/wp-json\/wp\/v2\/users\/1"}],"replies":[{"embeddable":true,"href":"https:\/\/ligana104.com.br\/2021\/wp-json\/wp\/v2\/comments?post=5006"}],"version-history":[{"count":1,"href":"https:\/\/ligana104.com.br\/2021\/wp-json\/wp\/v2\/posts\/5006\/revisions"}],"predecessor-version":[{"id":5008,"href":"https:\/\/ligana104.com.br\/2021\/wp-json\/wp\/v2\/posts\/5006\/revisions\/5008"}],"wp:featuredmedia":[{"embeddable":true,"href":"https:\/\/ligana104.com.br\/2021\/wp-json\/wp\/v2\/media\/5007"}],"wp:attachment":[{"href":"https:\/\/ligana104.com.br\/2021\/wp-json\/wp\/v2\/media?parent=5006"}],"wp:term":[{"taxonomy":"category","embeddable":true,"href":"https:\/\/ligana104.com.br\/2021\/wp-json\/wp\/v2\/categories?post=5006"},{"taxonomy":"post_tag","embeddable":true,"href":"https:\/\/ligana104.com.br\/2021\/wp-json\/wp\/v2\/tags?post=5006"}],"curies":[{"name":"wp","href":"https:\/\/api.w.org\/{rel}","templated":true}]}}