{"id":4991,"date":"2024-01-18T16:38:33","date_gmt":"2024-01-18T18:38:33","guid":{"rendered":"https:\/\/ligana104.com.br\/2021\/2024\/01\/18\/mulher-e-encaminhada-ao-presidio-em-rondonopolis-apos-agredir-e-arrastar-a-mae-pelos-cabelos\/"},"modified":"2024-01-18T16:38:34","modified_gmt":"2024-01-18T18:38:34","slug":"mulher-e-encaminhada-ao-presidio-em-rondonopolis-apos-agredir-e-arrastar-a-mae-pelos-cabelos","status":"publish","type":"post","link":"https:\/\/ligana104.com.br\/2021\/2024\/01\/18\/mulher-e-encaminhada-ao-presidio-em-rondonopolis-apos-agredir-e-arrastar-a-mae-pelos-cabelos\/","title":{"rendered":"Mulher \u00e9 encaminhada ao pres\u00eddio em Rondon\u00f3polis ap\u00f3s agredir e arrastar a m\u00e3e pelos cabelos"},"content":{"rendered":"<p> <br \/>\n<\/p>\n<div>\n<p>Policiais da Delegacia Especializada de Defesa da Mulher de Primavera do Leste prenderam na manh\u00e3 desta quinta-feira (18.01) uma mulher de 47 anos por descumprir medida protetiva que determinava que ela se mantivesse afastada de sua m\u00e3e, uma idosa de 77 anos. Ap\u00f3s os procedimentos policiais, ela ser\u00e1 encaminhada \u00e0 unidade prisional feminina em Rondon\u00f3polis.<\/p>\n<p>A idosa procurou a Delegacia da Mulher e contou que ap\u00f3s a filha saber da concess\u00e3o da medida protetiva, determinando que ela se mantivesse afastada da v\u00edtima, ela invadiu a casa da m\u00e3e a agrediu. Na manh\u00e3 do dia 12 de janeiro, a suspeita pulou o muro da resid\u00eancia e entrou na casa da m\u00e3e, quando a v\u00edtima tomava seu caf\u00e9 da manh\u00e3, e agrediu a idosa exigindo dinheiro e querendo levar objetos da casa.<\/p>\n<p>A suspeita pegou a m\u00e3e pelos cabelos e a arrastou pelo ch\u00e3o da casa, proferindo xingamentos. A v\u00edtima come\u00e7ou a gritar e tentou correr, mas a filha a agrediu novamente.<\/p>\n<p>A medida protetiva foi concedida \u00e0 v\u00edtima no in\u00edcio da janeiro, ap\u00f3s a idosa requerer a cautelar em fun\u00e7\u00e3o das constantes agress\u00f5es cometidas pela filha, que morava na mesma casa. A idosa relatou que a filha n\u00e3o aceita que os pais fiquem juntos, pois ela se aproveitava da aposentadoria da m\u00e3e.<\/p>\n<p>Com a comunica\u00e7\u00e3o do descumprimento da medida protetiva, o delegado Roldolpho Bandeira requereu a pris\u00e3o preventiva da investigada pelos crimes de descumprimento de medida protetiva, les\u00e3o corporal e viol\u00eancia psicol\u00f3gica contra a m\u00e3e idosa, que foi deferida pelo ju\u00edzo criminal de Primavera do Leste e cumprida nesta quinta-feira.<\/p>\n<p>Ap\u00f3s os procedimentos policiais, ela ser\u00e1 encaminhada \u00e0 unidade prisional feminina em Rondon\u00f3polis.<\/p>\n<\/div>\n<p><br \/>\n<br \/><a href=\"https:\/\/rgtnews.com.br\/destaque\/mulher-e-encaminhada-a-prisao-em-rondonopolis-apos-agredir-e-arrastar-a-mae-pelos-cabelos\/?utm_source=rss&#038;utm_medium=rss&#038;utm_campaign=mulher-e-encaminhada-a-prisao-em-rondonopolis-apos-agredir-e-arrastar-a-mae-pelos-cabelos\">Source link <\/a><\/p>\n","protected":false},"excerpt":{"rendered":"<p>Policiais da Delegacia Especializada de Defesa da Mulher de Primavera do Leste prenderam na manh\u00e3 desta quinta-feira (18.01) uma mulher de 47 anos por descumprir medida protetiva que determinava que ela se mantivesse afastada de sua m\u00e3e, uma idosa de 77 anos. Ap\u00f3s os procedimentos policiais, ela ser\u00e1 encaminhada \u00e0 unidade prisional feminina em Rondon\u00f3polis. [&hellip;]<\/p>\n","protected":false},"author":1,"featured_media":4992,"comment_status":"closed","ping_status":"closed","sticky":false,"template":"","format":"standard","meta":[],"categories":[1],"tags":[],"_links":{"self":[{"href":"https:\/\/ligana104.com.br\/2021\/wp-json\/wp\/v2\/posts\/4991"}],"collection":[{"href":"https:\/\/ligana104.com.br\/2021\/wp-json\/wp\/v2\/posts"}],"about":[{"href":"https:\/\/ligana104.com.br\/2021\/wp-json\/wp\/v2\/types\/post"}],"author":[{"embeddable":true,"href":"https:\/\/ligana104.com.br\/2021\/wp-json\/wp\/v2\/users\/1"}],"replies":[{"embeddable":true,"href":"https:\/\/ligana104.com.br\/2021\/wp-json\/wp\/v2\/comments?post=4991"}],"version-history":[{"count":1,"href":"https:\/\/ligana104.com.br\/2021\/wp-json\/wp\/v2\/posts\/4991\/revisions"}],"predecessor-version":[{"id":4993,"href":"https:\/\/ligana104.com.br\/2021\/wp-json\/wp\/v2\/posts\/4991\/revisions\/4993"}],"wp:featuredmedia":[{"embeddable":true,"href":"https:\/\/ligana104.com.br\/2021\/wp-json\/wp\/v2\/media\/4992"}],"wp:attachment":[{"href":"https:\/\/ligana104.com.br\/2021\/wp-json\/wp\/v2\/media?parent=4991"}],"wp:term":[{"taxonomy":"category","embeddable":true,"href":"https:\/\/ligana104.com.br\/2021\/wp-json\/wp\/v2\/categories?post=4991"},{"taxonomy":"post_tag","embeddable":true,"href":"https:\/\/ligana104.com.br\/2021\/wp-json\/wp\/v2\/tags?post=4991"}],"curies":[{"name":"wp","href":"https:\/\/api.w.org\/{rel}","templated":true}]}}