{"id":4651,"date":"2020-04-08T14:52:20","date_gmt":"2020-04-08T17:52:20","guid":{"rendered":"http:\/\/ligana104.com.br\/2021\/?p=4651"},"modified":"2020-04-08T14:52:20","modified_gmt":"2020-04-08T17:52:20","slug":"rondonopolis-tem-a-1a-suspeita-de-morte-por-covid-19","status":"publish","type":"post","link":"https:\/\/ligana104.com.br\/2021\/2020\/04\/08\/rondonopolis-tem-a-1a-suspeita-de-morte-por-covid-19\/","title":{"rendered":"Rondon\u00f3polis tem a 1\u00aa suspeita de morte por covid-19"},"content":{"rendered":"<p>Um homem de 75 anos que morreu por volta das 23h desta ter\u00e7a-feira (7), estava com sintomas de covid-19. Essa informa\u00e7\u00e3o foi dada pela secret\u00e1ria Municipal de Sa\u00fade, Izalba Albuquerque, durante uma coletiva na manh\u00e3 desta quarta-feira (8).<\/p>\n<p>Segundo Izalba, o paciente deu entrada na Materclin ontem com v\u00e1rios sintomas da doen\u00e7a, ele n\u00e3o resistiu e morreu. A v\u00edtima havia vindo de outro Estado e chegou na cidade no s\u00e1bado. Ele sofria de um cancer.<\/p>\n<p>A secret\u00e1ria afirmou que foi feito a coleta de todo o material para an\u00e1lise que confirmar\u00e1 ou n\u00e3o se a morte foi por covid-19. &#8220;Foi feito o isolamento do corpo seguindo todas as orienta\u00e7\u00f5es devido a suspeita da doen\u00e7a. O vel\u00f3rio tamb\u00e9m ser\u00e1 conforme as regras para evitar qualquer tipo de contamina\u00e7\u00e3o&#8221;, disse a secret\u00e1ria.<\/p>\n<p>&nbsp;<\/p>\n<p><img decoding=\"async\" src=\"https:\/\/agoramt.nyc3.digitaloceanspaces.com\/storage\/webdisco\/2020\/04\/08\/original\/ea54945eaada11b71240e5774ef8cfd5.jpg\" alt=\"Boletim covid 19\" \/><\/p>\n","protected":false},"excerpt":{"rendered":"<p>Um homem de 75 anos que morreu por volta das 23h desta ter\u00e7a-feira (7), estava com sintomas de covid-19. Essa informa\u00e7\u00e3o foi dada pela secret\u00e1ria Municipal de Sa\u00fade, Izalba Albuquerque, durante uma coletiva na manh\u00e3 desta quarta-feira (8). Segundo Izalba, o paciente deu entrada na Materclin ontem com v\u00e1rios sintomas da doen\u00e7a, ele n\u00e3o resistiu [&hellip;]<\/p>\n","protected":false},"author":1,"featured_media":4652,"comment_status":"open","ping_status":"closed","sticky":false,"template":"","format":"standard","meta":[],"categories":[68],"tags":[],"_links":{"self":[{"href":"https:\/\/ligana104.com.br\/2021\/wp-json\/wp\/v2\/posts\/4651"}],"collection":[{"href":"https:\/\/ligana104.com.br\/2021\/wp-json\/wp\/v2\/posts"}],"about":[{"href":"https:\/\/ligana104.com.br\/2021\/wp-json\/wp\/v2\/types\/post"}],"author":[{"embeddable":true,"href":"https:\/\/ligana104.com.br\/2021\/wp-json\/wp\/v2\/users\/1"}],"replies":[{"embeddable":true,"href":"https:\/\/ligana104.com.br\/2021\/wp-json\/wp\/v2\/comments?post=4651"}],"version-history":[{"count":1,"href":"https:\/\/ligana104.com.br\/2021\/wp-json\/wp\/v2\/posts\/4651\/revisions"}],"predecessor-version":[{"id":4653,"href":"https:\/\/ligana104.com.br\/2021\/wp-json\/wp\/v2\/posts\/4651\/revisions\/4653"}],"wp:featuredmedia":[{"embeddable":true,"href":"https:\/\/ligana104.com.br\/2021\/wp-json\/wp\/v2\/media\/4652"}],"wp:attachment":[{"href":"https:\/\/ligana104.com.br\/2021\/wp-json\/wp\/v2\/media?parent=4651"}],"wp:term":[{"taxonomy":"category","embeddable":true,"href":"https:\/\/ligana104.com.br\/2021\/wp-json\/wp\/v2\/categories?post=4651"},{"taxonomy":"post_tag","embeddable":true,"href":"https:\/\/ligana104.com.br\/2021\/wp-json\/wp\/v2\/tags?post=4651"}],"curies":[{"name":"wp","href":"https:\/\/api.w.org\/{rel}","templated":true}]}}