{"id":4477,"date":"2020-02-28T10:56:51","date_gmt":"2020-02-28T13:56:51","guid":{"rendered":"http:\/\/ligana104.com.br\/2021\/?p=4477"},"modified":"2020-02-28T11:01:55","modified_gmt":"2020-02-28T14:01:55","slug":"aline-riscado-posta-foto-com-estrias-no-instagram","status":"publish","type":"post","link":"https:\/\/ligana104.com.br\/2021\/2020\/02\/28\/aline-riscado-posta-foto-com-estrias-no-instagram\/","title":{"rendered":"Aline Riscado posta foto com estrias no Instagram"},"content":{"rendered":"<p>Aline Riscado publicou uma foto em sua rede social em que aparece suas estrias. A modelo tem 32 anos de idade e revelou que, com o passar do tempo, foi mudando a cobran\u00e7a que tinha em si mesma. Ela garante que se tornou mais madura e confiante.<\/p>\n<p>\u201cCheguei em um grau de maturidade e aceita\u00e7\u00e3o que me permito fazer isso. Antes eu escondia. A gente tem que mostrar cada vez mais para atingir o m\u00e1ximo de pessoas, que somos todas iguais, que todas n\u00f3s podemos chegar nos nossos objetivos, nos amar. Cada vez mais me sinto \u00e0 vontade, principalmente vendo que cada vez mais as mulheres est\u00e3o se unindo\u201d, explicou ela \u00e0 \u201cQuem\u201d.<\/p>\n<div class=\"entry-content\">\n<p>No entanto, n\u00e3o se engane. Aline n\u00e3o pensava desta maneira e foi mudando a sua vis\u00e3o ao longo dos anos. \u201cQuando eu era adolescente meu cabelo era todo estressado, n\u00e3o sa\u00eda de casa sem fazer uma escova. Tinha final de semana que eu ficava em casa chorando, porque minha m\u00e3e n\u00e3o tinha dinheiro pra me pagar uma escova. \u00c9 uma constru\u00e7\u00e3o que todo mundo passa. Eu sempre tive a autoestima alta, mas nem toda pessoa segura s\u00f3 tem seguran\u00e7a. At\u00e9 as pessoas mais seguras tamb\u00e9m tem seus momentos de inseguran\u00e7a e \u00e9 isso que a gente tem que mostrar para tentar se libertar juntos.\u201d, ressaltou a musa, que desfilou neste \u00faltimo Carnaval como rainha de bateria da Vila Isabel, no Rio de Janeiro.<\/p>\n<p><img decoding=\"async\" loading=\"lazy\" class=\"alignnone wp-image-4480 size-full\" src=\"http:\/\/ligana104.com.br\/2021\/wp-content\/uploads\/2020\/02\/aline-riscado-estrias-1-1.jpg\" alt=\"\" width=\"620\" height=\"775\" srcset=\"https:\/\/ligana104.com.br\/2021\/wp-content\/uploads\/2020\/02\/aline-riscado-estrias-1-1.jpg 620w, https:\/\/ligana104.com.br\/2021\/wp-content\/uploads\/2020\/02\/aline-riscado-estrias-1-1-240x300.jpg 240w, https:\/\/ligana104.com.br\/2021\/wp-content\/uploads\/2020\/02\/aline-riscado-estrias-1-1-578x724.jpg 578w\" sizes=\"(max-width: 620px) 100vw, 620px\" \/><\/p>\n<p>Fonte: Famosidades<\/p>\n<\/div>\n","protected":false},"excerpt":{"rendered":"<p>Aline Riscado publicou uma foto em sua rede social em que aparece suas estrias. A modelo tem 32 anos de idade e revelou que, com o passar do tempo, foi mudando a cobran\u00e7a que tinha em si mesma. Ela garante que se tornou mais madura e confiante. \u201cCheguei em um grau de maturidade e aceita\u00e7\u00e3o [&hellip;]<\/p>\n","protected":false},"author":1,"featured_media":4478,"comment_status":"open","ping_status":"closed","sticky":false,"template":"","format":"standard","meta":[],"categories":[1],"tags":[],"_links":{"self":[{"href":"https:\/\/ligana104.com.br\/2021\/wp-json\/wp\/v2\/posts\/4477"}],"collection":[{"href":"https:\/\/ligana104.com.br\/2021\/wp-json\/wp\/v2\/posts"}],"about":[{"href":"https:\/\/ligana104.com.br\/2021\/wp-json\/wp\/v2\/types\/post"}],"author":[{"embeddable":true,"href":"https:\/\/ligana104.com.br\/2021\/wp-json\/wp\/v2\/users\/1"}],"replies":[{"embeddable":true,"href":"https:\/\/ligana104.com.br\/2021\/wp-json\/wp\/v2\/comments?post=4477"}],"version-history":[{"count":2,"href":"https:\/\/ligana104.com.br\/2021\/wp-json\/wp\/v2\/posts\/4477\/revisions"}],"predecessor-version":[{"id":4481,"href":"https:\/\/ligana104.com.br\/2021\/wp-json\/wp\/v2\/posts\/4477\/revisions\/4481"}],"wp:featuredmedia":[{"embeddable":true,"href":"https:\/\/ligana104.com.br\/2021\/wp-json\/wp\/v2\/media\/4478"}],"wp:attachment":[{"href":"https:\/\/ligana104.com.br\/2021\/wp-json\/wp\/v2\/media?parent=4477"}],"wp:term":[{"taxonomy":"category","embeddable":true,"href":"https:\/\/ligana104.com.br\/2021\/wp-json\/wp\/v2\/categories?post=4477"},{"taxonomy":"post_tag","embeddable":true,"href":"https:\/\/ligana104.com.br\/2021\/wp-json\/wp\/v2\/tags?post=4477"}],"curies":[{"name":"wp","href":"https:\/\/api.w.org\/{rel}","templated":true}]}}