{"id":4109,"date":"2020-01-22T10:29:46","date_gmt":"2020-01-22T13:29:46","guid":{"rendered":"http:\/\/ligana104.com.br\/2020\/?p=4109"},"modified":"2020-02-27T10:58:51","modified_gmt":"2020-02-27T13:58:51","slug":"equipe-de-luciano-huck-esta-preocupada-com-futuro-na-globo","status":"publish","type":"post","link":"https:\/\/ligana104.com.br\/2021\/2020\/01\/22\/equipe-de-luciano-huck-esta-preocupada-com-futuro-na-globo\/","title":{"rendered":"Equipe de Luciano Huck est\u00e1 preocupada com futuro na Globo"},"content":{"rendered":"<p>Enquanto\u00a0<strong><a href=\"https:\/\/rd1.com.br\/famosos\/luciano-huck\/\">Luciano Huck<\/a><\/strong>\u00a0move pe\u00e7as no meio pol\u00edtico para a sua candidatura \u00e0 presid\u00eancia da Rep\u00fablica em 2022, a sua equipe est\u00e1 preocupada com o futuro na\u00a0<strong>Globo<\/strong>. O apresentador est\u00e1 no comando do\u00a0<strong>Caldeir\u00e3o do Huck<\/strong>\u00a0desde abril de 2000.<\/p>\n<p>De acordo com informa\u00e7\u00f5es da jornalista F\u00e1bia Oliveira, do jornal O Dia, o famoso esteve por diversas vezes na sala do alto comando da emissora antes do in\u00edcio das f\u00e9rias no final de 2019.<\/p>\n<p>O que mais deixa a produ\u00e7\u00e3o do Caldeir\u00e3o apreensiva \u00e9 fato de Luciano n\u00e3o falar sobre o assunto nem mesmo com a dire\u00e7\u00e3o do seu programa.<\/p>\n<p>Com a chegada de not\u00edcias envolvendo o marido de\u00a0<a href=\"https:\/\/rd1.com.br\/famosos\/angelica\/\">Ang\u00e9lica<\/a>\u00a0na pol\u00edtica, os rumores sobre o fim da atra\u00e7\u00e3o exibida aos s\u00e1bados ganham for\u00e7a.<\/p>\n<p>Ainda de acordo com a reportagem, caso termine o Caldeir\u00e3o do Huck, os funcion\u00e1rios buscam uma nova fun\u00e7\u00e3o em outros programas da casa. Em alguns casos, a busca n\u00e3o d\u00e1 em nada e eles s\u00e3o demitidos.<\/p>\n<h3>Luciano Huck vira alvo de pesquisa \u201csecreta\u201d da Globo<\/h3>\n<p>A\u00a0Globo\u00a0est\u00e1 em vias de perder um dos grandes nomes do seu elenco para a pol\u00edtica.\u00a0<a href=\"https:\/\/rd1.com.br\/famosos\/luciano-huck\/\">Luciano Huck<\/a>\u00a0j\u00e1 manifestou o desejo de concorrer \u00e0 presid\u00eancia da Rep\u00fablica em 2022 e, para isso, dar\u00e1 adeus a sua carreira como apresentador na emissora carioca.<\/p>\n<p>O canal da fam\u00edlia Marinho, por sua vez, fez uma esp\u00e9cie de pesquisa secreta sobre as reais possibilidades do famoso na disputa daqui a tr\u00eas anos.<\/p>\n<p>De acordo com a revista Veja, nomes da alta c\u00fapula da Globo abordaram pessoas poderosas do Congresso com o intuito de avaliar as reais chances de Luciano na disputa presidencial.<\/p>\n<p>A vontade de Huck est\u00e1 ficando cada vez mais concreta. O contratado da Globo n\u00e3o apenas acenou sobre ser candidato, como o partido Cidadania \u00e9 o mais cotado para a sua filia\u00e7\u00e3o e candidatura. A informa\u00e7\u00e3o \u00e9 do jornalista Kennedy Alencar, da R\u00e1dio CBN.<\/p>\n<p>Luciano conversou com membros do PSDB e do DEM e garantiu que n\u00e3o vai desistir da pol\u00edtica como fez na \u00faltima elei\u00e7\u00e3o. Caso se concretize a candidatura, o apresentador deve deixar a Globo, assim como a esposa\u00a0<a href=\"https:\/\/rd1.com.br\/famosos\/angelica\/\">Ang\u00e9lica<\/a>.<\/p>\n","protected":false},"excerpt":{"rendered":"<p>Enquanto\u00a0Luciano Huck\u00a0move pe\u00e7as no meio pol\u00edtico para a sua candidatura \u00e0 presid\u00eancia da Rep\u00fablica em 2022, a sua equipe est\u00e1 preocupada com o futuro na\u00a0Globo. O apresentador est\u00e1 no comando do\u00a0Caldeir\u00e3o do Huck\u00a0desde abril de 2000. De acordo com informa\u00e7\u00f5es da jornalista F\u00e1bia Oliveira, do jornal O Dia, o famoso esteve por diversas vezes na [&hellip;]<\/p>\n","protected":false},"author":1,"featured_media":4157,"comment_status":"closed","ping_status":"closed","sticky":false,"template":"","format":"standard","meta":[],"categories":[68],"tags":[],"_links":{"self":[{"href":"https:\/\/ligana104.com.br\/2021\/wp-json\/wp\/v2\/posts\/4109"}],"collection":[{"href":"https:\/\/ligana104.com.br\/2021\/wp-json\/wp\/v2\/posts"}],"about":[{"href":"https:\/\/ligana104.com.br\/2021\/wp-json\/wp\/v2\/types\/post"}],"author":[{"embeddable":true,"href":"https:\/\/ligana104.com.br\/2021\/wp-json\/wp\/v2\/users\/1"}],"replies":[{"embeddable":true,"href":"https:\/\/ligana104.com.br\/2021\/wp-json\/wp\/v2\/comments?post=4109"}],"version-history":[{"count":1,"href":"https:\/\/ligana104.com.br\/2021\/wp-json\/wp\/v2\/posts\/4109\/revisions"}],"predecessor-version":[{"id":4339,"href":"https:\/\/ligana104.com.br\/2021\/wp-json\/wp\/v2\/posts\/4109\/revisions\/4339"}],"wp:featuredmedia":[{"embeddable":true,"href":"https:\/\/ligana104.com.br\/2021\/wp-json\/wp\/v2\/media\/4157"}],"wp:attachment":[{"href":"https:\/\/ligana104.com.br\/2021\/wp-json\/wp\/v2\/media?parent=4109"}],"wp:term":[{"taxonomy":"category","embeddable":true,"href":"https:\/\/ligana104.com.br\/2021\/wp-json\/wp\/v2\/categories?post=4109"},{"taxonomy":"post_tag","embeddable":true,"href":"https:\/\/ligana104.com.br\/2021\/wp-json\/wp\/v2\/tags?post=4109"}],"curies":[{"name":"wp","href":"https:\/\/api.w.org\/{rel}","templated":true}]}}