{"id":4097,"date":"2020-01-22T10:18:20","date_gmt":"2020-01-22T13:18:20","guid":{"rendered":"http:\/\/ligana104.com.br\/2020\/?p=4097"},"modified":"2020-02-27T11:08:30","modified_gmt":"2020-02-27T14:08:30","slug":"sikera-junior-provoca-william-bonner-e-defende-bolsonaro-em-programa","status":"publish","type":"post","link":"https:\/\/ligana104.com.br\/2021\/2020\/01\/22\/sikera-junior-provoca-william-bonner-e-defende-bolsonaro-em-programa\/","title":{"rendered":"Sikera Junior provoca William Bonner e defende Bolsonaro em programa"},"content":{"rendered":"<p><strong><a href=\"https:\/\/rd1.com.br\/famosos\/\">Sikera Junior<\/a><\/strong>\u00a0provocou diretamente o jornalista\u00a0<strong><a href=\"https:\/\/rd1.com.br\/famosos\/william-bonner\/\">William Bonner<\/a><\/strong>\u00a0ap\u00f3s uma not\u00edcia veiculada no Jornal Nacional na \u00faltima semana e conquistou rea\u00e7\u00f5es na web. O \u00e2ncora deu que o presidente\u00a0<strong><a href=\"https:\/\/rd1.com.br\/politica\/\">Jair Bolsonaro<\/a><\/strong>\u00a0tinha chamado a jornalista\u00a0<strong>Tha\u00eds Oyama<\/strong>, respons\u00e1vel pelo livro Tormenta, de japonesa.<\/p>\n<p>O livro, sobre o primeiro ano do seu mandato, ganhou as manchetes e provocou pol\u00eamica por causa do termo usado pelo pol\u00edtico quando se referiu a autora.<\/p>\n<p><em>\u201cBolsonaro estava se referindo ao livro Tormenta, sobre o primeiro ano do governo dele, e chamou a autora, a jornalista Tha\u00eds Oyama, de japonesa\u201d<\/em>, disse Bonner no JN.<\/p>\n<p>Em seu programa na TV A Cr\u00edtica, o Alerta Amazonas, Sikera n\u00e3o perdoou e alfinetou o colega de profiss\u00e3o e com cr\u00edtica ao jornalismo da Globo.<\/p>\n<p><em>\u201cN\u00e3o, n\u00e3o! Bolsonaro passou do limite. Bolsonaro chamou uma escritora de japonesa. Isso \u00e9 um absurdo, chamar uma japonesa de japonesa. Ren\u00fancia, Ren\u00fancia, Ren\u00fancia!\u201d<\/em>, exigiu em tom ir\u00f4nico.<\/p>\n<p>O deputado federal Eduardo Bolsonaro (PSL-RJ) reagiu nos coment\u00e1rios.\u00a0<em>\u201c\u00c9 exatamente isso que eu penso tamb\u00e9m!\u201d<\/em>, alfinetou o filho do presidente.<\/p>\n<p>Confira:<\/p>\n<p><iframe id=\"instagram-embed-0\" class=\"instagram-media instagram-media-rendered\" src=\"https:\/\/www.instagram.com\/p\/B7hljFmJLLy\/embed\/captioned\/?cr=1&amp;v=12&amp;wp=540&amp;rd=https%3A%2F%2Frd1.com.br&amp;rp=%2Fsikera-junior-provoca-william-bonner-e-defende-bolsonaro-em-programa%2F#%7B%22ci%22%3A0%2C%22os%22%3A9816.300000005867%2C%22ls%22%3A9129.09000000218%2C%22le%22%3A9685.440000001108%7D\" height=\"683\" frameborder=\"0\" scrolling=\"no\" allowfullscreen=\"allowfullscreen\" data-instgrm-payload-id=\"instagram-media-payload-0\" data-mce-fragment=\"1\"><\/iframe><\/p>\n<h3>William Bonner surpreende e fala de \u201csuspens\u00e3o\u201d de Regina Duarte<\/h3>\n<p><a href=\"https:\/\/rd1.com.br\/famosos\/william-bonner\/\">William Bonner<\/a>\u00a0virou assunto nas redes sociais nesta segunda-feira (20), durante o\u00a0Jornal Nacional. O motivo? O apresentador leu ao vivo uma nota em que a Globo diz que\u00a0<a href=\"https:\/\/rd1.com.br\/famosos\/regina-duarte\/\">Regina Duarte<\/a>\u00a0ter\u00e1 que pedir \u201csuspens\u00e3o\u201d de seu contrato, caso aceite comandar a secretaria de Cultura.<\/p>\n<p><em>\u201cA atriz Regina Duarte tem contrato vigente com a Globo e sabe que, se optar por assumir cargo p\u00fablico, deve pedir a suspens\u00e3o de seu v\u00ednculo com a emissora, como imp\u00f5e a nossa pol\u00edtica interna de conhecimento de todos os colaboradore<\/em>s<em>\u201c<\/em>, afirmou o apresentador.<\/p>\n<p>Cabe lembrar que, ap\u00f3s a exonera\u00e7\u00e3o de Roberto Alvim, a atriz do canal carioca aceitou conversar com\u00a0<a href=\"https:\/\/rd1.com.br\/politica\/\">Jair Bolsonaro<\/a>\u00a0(sem partido) sobre a proposta e tamb\u00e9m vai fazer uma visita \u00e0 secretaria. Ela ainda n\u00e3o disse \u201csim\u201d ao convite, mas garantiu estar \u201cnoiva\u201d da pasta.<\/p>\n<p>Ap\u00f3s a nota lida no Jornal Nacional, muitos internautas afirmaram que Bonner deu \u201caviso pr\u00e9vio\u201d para a artista ao vivo.\u00a0<em>\u201cSe est\u00e1 ruim pra voc\u00ea imagina para a Regina Duarte que recebeu aviso pr\u00e9vio ao vivo no Jornal Nacional\u201d<\/em>, comentou uma internauta.<\/p>\n","protected":false},"excerpt":{"rendered":"<p>Sikera Junior\u00a0provocou diretamente o jornalista\u00a0William Bonner\u00a0ap\u00f3s uma not\u00edcia veiculada no Jornal Nacional na \u00faltima semana e conquistou rea\u00e7\u00f5es na web. O \u00e2ncora deu que o presidente\u00a0Jair Bolsonaro\u00a0tinha chamado a jornalista\u00a0Tha\u00eds Oyama, respons\u00e1vel pelo livro Tormenta, de japonesa. O livro, sobre o primeiro ano do seu mandato, ganhou as manchetes e provocou pol\u00eamica por causa do [&hellip;]<\/p>\n","protected":false},"author":1,"featured_media":4163,"comment_status":"closed","ping_status":"closed","sticky":false,"template":"","format":"standard","meta":[],"categories":[53],"tags":[],"_links":{"self":[{"href":"https:\/\/ligana104.com.br\/2021\/wp-json\/wp\/v2\/posts\/4097"}],"collection":[{"href":"https:\/\/ligana104.com.br\/2021\/wp-json\/wp\/v2\/posts"}],"about":[{"href":"https:\/\/ligana104.com.br\/2021\/wp-json\/wp\/v2\/types\/post"}],"author":[{"embeddable":true,"href":"https:\/\/ligana104.com.br\/2021\/wp-json\/wp\/v2\/users\/1"}],"replies":[{"embeddable":true,"href":"https:\/\/ligana104.com.br\/2021\/wp-json\/wp\/v2\/comments?post=4097"}],"version-history":[{"count":1,"href":"https:\/\/ligana104.com.br\/2021\/wp-json\/wp\/v2\/posts\/4097\/revisions"}],"predecessor-version":[{"id":4344,"href":"https:\/\/ligana104.com.br\/2021\/wp-json\/wp\/v2\/posts\/4097\/revisions\/4344"}],"wp:featuredmedia":[{"embeddable":true,"href":"https:\/\/ligana104.com.br\/2021\/wp-json\/wp\/v2\/media\/4163"}],"wp:attachment":[{"href":"https:\/\/ligana104.com.br\/2021\/wp-json\/wp\/v2\/media?parent=4097"}],"wp:term":[{"taxonomy":"category","embeddable":true,"href":"https:\/\/ligana104.com.br\/2021\/wp-json\/wp\/v2\/categories?post=4097"},{"taxonomy":"post_tag","embeddable":true,"href":"https:\/\/ligana104.com.br\/2021\/wp-json\/wp\/v2\/tags?post=4097"}],"curies":[{"name":"wp","href":"https:\/\/api.w.org\/{rel}","templated":true}]}}