{"id":21567,"date":"2026-09-05T15:45:14","date_gmt":"2026-09-05T18:45:14","guid":{"rendered":"https:\/\/ligana104.com.br\/2021\/2026\/09\/05\/alexandre-de-moraes-toma-tempo-de-propaganda-de-ze-medeiros\/"},"modified":"2026-09-05T15:45:14","modified_gmt":"2026-09-05T18:45:14","slug":"alexandre-de-moraes-toma-tempo-de-propaganda-de-ze-medeiros","status":"publish","type":"post","link":"https:\/\/ligana104.com.br\/2021\/2026\/09\/05\/alexandre-de-moraes-toma-tempo-de-propaganda-de-ze-medeiros\/","title":{"rendered":"Alexandre de Moraes toma tempo de propaganda de Z\u00e9 Medeiros"},"content":{"rendered":"<p> <br \/>\n<\/p>\n<div data-id=\"16dae40\" data-element_type=\"widget\" data-e-type=\"widget\" data-widget_type=\"theme-post-content.default\">\n<div class=\"elementor-widget-container\">\n<p>O Ministro Alexandre de Moraes, do STF, retirou parte do tempo da propaganda eleitoral do candidato ao senado apoiado por Jair Bolsonaro, Z\u00e9 Medeiros (PL), a pedido da candidata Janaina Riva, do MDB.<\/p>\n<p>Jos\u00e9 Medeiros e Janaina Riva fazem parte da mesma coliga\u00e7\u00e3o ao senado e os partidos haviam fechado um acordo para que na propaganda eleitoral cada candidato utilizasse o tempo do seu partido e o restante do tempo fosse dividido igualmente, por\u00e9m, ap\u00f3s o acordo, a candidata do MDB voltou atr\u00e1s e resolveu entrar na Justi\u00e7a para usar, al\u00e9m do tempo do MDB, parte do tempo do PL.<\/p>\n<p>O pedido foi negado no TRE, mas a candidata recorreu diretamente ao STF, sem passar pelo TSE, e teve o pedido rapidamente atendido por Alexandre de Moraes.<\/p>\n<div class=\"g g-90\">\n<div class=\"g-single a-66\">\n<div style=\"position: relative; width: 100%;\">\n    <!-- Banner 3 --><\/p>\n<p>    <!-- Banner 4 --><\/p>\n<div id=\"banner4\" style=\"opacity: 0; transition: opacity 1s; width: 100%;\">\n        <a class=\"gofollow\" data-track=\"NjYsOTAsMSw2MA==\" href=\"https:\/\/www.instagram.com\/cdl.roo\" target=\"_blank\" rel=\"noopener\">&#13;<br \/>\n            &#13;<br \/>\n        <\/a>\n    <\/div>\n<\/div>\n<\/div>\n<\/div>\n<p>A legisla\u00e7\u00e3o estabelece que a divis\u00e3o do tempo da propaganda eleitoral cabe exclusivamente aos partidos e n\u00e3o cabe interven\u00e7\u00e3o da Justi\u00e7a.<\/p>\n<p>Z\u00e9 Medeiros declarou que n\u00e3o estranhou nem a atitude de Janaina nem a decis\u00e3o de Moraes.<\/p>\n<p>\u201cCumprir acordos nunca foi uma marca do MDB do Mato Grosso e nada mais conveniente para uma candidata muito bem relacionada com ministros do STF do que recorrer ao Supremo \u2013 e n\u00e3o ao TSE \u2013 e ter uma decis\u00e3o favor\u00e1vel em tempo recorde vinda justamente de Alexandre de Moraes, que tem cinco pedidos de impeachment e um pedido de pris\u00e3o feitos por mim.<\/p>\n<p>Esse processo s\u00f3 confirma que eu estava certo ao n\u00e3o querer o PL coligado com um partido de esquerda e que nossa candidatura est\u00e1 forte e a caminho da Vit\u00f3ria, ao ponto de fazer o ministro esquecer seus pr\u00f3prios problemas para julgar uma a\u00e7\u00e3o contra mim.<\/p>\n<p>Essa decis\u00e3o \u00e9 o maior incentivo que a nossa milit\u00e2ncia pode ter para redobrar os esfor\u00e7os e compensar esses segundos de propaganda com 30 dias de muita mobiliza\u00e7\u00e3o nas ruas e nas redes para garantir a elei\u00e7\u00e3o do \u00fanico candidato da chapa majorit\u00e1ria apoiado por Bolsonaro no Mato Grosso.<\/p>\n<p>\u201cAs urnas v\u00e3o mostrar que esse foi mais um grande erro estrat\u00e9gico do MDB\u201d, concluiu Medeiros.<br \/>\n<!-- H&aacute; banners, eles s&atilde;o deficientes ou nenhum qualificado para este local! --><\/p>\n<\/p><\/div><\/div>\n<p><script async src=\"\/\/www.instagram.com\/embed.js\"><\/script><br \/>\n<br \/><br \/>\n<br \/><a href=\"https:\/\/rgtnews.com.br\/destaque\/alexandre-de-moraes-toma-tempo-de-propaganda-de-ze-medeiros\/?utm_source=rss&#038;utm_medium=rss&#038;utm_campaign=alexandre-de-moraes-toma-tempo-de-propaganda-de-ze-medeiros\">Fonte da Noticia <\/a><\/p>\n","protected":false},"excerpt":{"rendered":"<p>O Ministro Alexandre de Moraes, do STF, retirou parte do tempo da propaganda eleitoral do candidato ao senado apoiado por Jair Bolsonaro, Z\u00e9 Medeiros (PL), a pedido da candidata Janaina Riva, do MDB. Jos\u00e9 Medeiros e Janaina Riva fazem parte da mesma coliga\u00e7\u00e3o ao senado e os partidos haviam fechado um acordo para que na [&hellip;]<\/p>\n","protected":false},"author":1,"featured_media":21568,"comment_status":"closed","ping_status":"closed","sticky":false,"template":"","format":"standard","meta":[],"categories":[1],"tags":[],"_links":{"self":[{"href":"https:\/\/ligana104.com.br\/2021\/wp-json\/wp\/v2\/posts\/21567"}],"collection":[{"href":"https:\/\/ligana104.com.br\/2021\/wp-json\/wp\/v2\/posts"}],"about":[{"href":"https:\/\/ligana104.com.br\/2021\/wp-json\/wp\/v2\/types\/post"}],"author":[{"embeddable":true,"href":"https:\/\/ligana104.com.br\/2021\/wp-json\/wp\/v2\/users\/1"}],"replies":[{"embeddable":true,"href":"https:\/\/ligana104.com.br\/2021\/wp-json\/wp\/v2\/comments?post=21567"}],"version-history":[{"count":1,"href":"https:\/\/ligana104.com.br\/2021\/wp-json\/wp\/v2\/posts\/21567\/revisions"}],"predecessor-version":[{"id":21569,"href":"https:\/\/ligana104.com.br\/2021\/wp-json\/wp\/v2\/posts\/21567\/revisions\/21569"}],"wp:featuredmedia":[{"embeddable":true,"href":"https:\/\/ligana104.com.br\/2021\/wp-json\/wp\/v2\/media\/21568"}],"wp:attachment":[{"href":"https:\/\/ligana104.com.br\/2021\/wp-json\/wp\/v2\/media?parent=21567"}],"wp:term":[{"taxonomy":"category","embeddable":true,"href":"https:\/\/ligana104.com.br\/2021\/wp-json\/wp\/v2\/categories?post=21567"},{"taxonomy":"post_tag","embeddable":true,"href":"https:\/\/ligana104.com.br\/2021\/wp-json\/wp\/v2\/tags?post=21567"}],"curies":[{"name":"wp","href":"https:\/\/api.w.org\/{rel}","templated":true}]}}