{"id":21564,"date":"2026-09-05T14:41:10","date_gmt":"2026-09-05T17:41:10","guid":{"rendered":"https:\/\/ligana104.com.br\/2021\/2026\/09\/05\/diante-do-calor-prefeitura-disponibilizara-agua-tendas-e-estrutura-de-saude-para-a-populacao-no-7-de-setembro\/"},"modified":"2026-09-05T14:41:12","modified_gmt":"2026-09-05T17:41:12","slug":"diante-do-calor-prefeitura-disponibilizara-agua-tendas-e-estrutura-de-saude-para-a-populacao-no-7-de-setembro","status":"publish","type":"post","link":"https:\/\/ligana104.com.br\/2021\/2026\/09\/05\/diante-do-calor-prefeitura-disponibilizara-agua-tendas-e-estrutura-de-saude-para-a-populacao-no-7-de-setembro\/","title":{"rendered":"Diante do calor, Prefeitura disponibilizar\u00e1 \u00e1gua, tendas e estrutura de sa\u00fade para a popula\u00e7\u00e3o no 7 de Setembro"},"content":{"rendered":"<p> <br \/>\n<\/p>\n<div>\n<p>A Prefeitura de Rondon\u00f3polis vem tomando uma s\u00e9rie de medidas para proteger a popula\u00e7\u00e3o diante da possibilidade de altas temperaturas na manh\u00e3 desta segunda-feira (7), durante o desfile c\u00edvico-militar do Dia da Independ\u00eancia, na Avenida Amazonas, no Centro.<\/p>\n<p>A gest\u00e3o municipal organizou tendas, pontos de distribui\u00e7\u00e3o de \u00e1gua e assist\u00eancia m\u00e9dica de plant\u00e3o para atender rapidamente em caso de necessidade.<\/p>\n<p>O secret\u00e1rio adjunto de Cultura, Jeth Wilson Figueiredo, explica que uma das medidas adotadas neste ano, em raz\u00e3o do calor, foi a antecipa\u00e7\u00e3o do in\u00edcio do desfile para as 6h30.<\/p>\n<div class=\"g g-90\">\n<div class=\"g-single a-66\">\n<div style=\"position: relative; width: 100%;\">\n    <!-- Banner 3 --><\/p>\n<p>    <!-- Banner 4 --><\/p>\n<div id=\"banner4\" style=\"opacity: 0; transition: opacity 1s; width: 100%;\">\n        <a class=\"gofollow\" data-track=\"NjYsOTAsMSw2MA==\" href=\"https:\/\/www.instagram.com\/cdl.roo\" target=\"_blank\" rel=\"noopener\">&#13;<br \/>\n            &#13;<br \/>\n        <\/a>\n    <\/div>\n<\/div>\n<\/div>\n<\/div>\n<p>Al\u00e9m disso, haver\u00e1 pontos de distribui\u00e7\u00e3o de \u00e1gua para o p\u00fablico ao longo da avenida. Ambul\u00e2ncias do Servi\u00e7o de Atendimento M\u00f3vel de Urg\u00eancia (Samu) tamb\u00e9m estar\u00e3o dispon\u00edveis para prestar atendimento r\u00e1pido, caso seja necess\u00e1rio.<\/p>\n<p>O Munic\u00edpio vai montar 25 tendas em pontos estrat\u00e9gicos e uma arquibancada coberta junto ao palanque das autoridades.<\/p>\n<p>\u201cAinda assim, pedimos para as pessoas que v\u00e3o comparecer para assistir ao desfile que se protejam, que tragam chap\u00e9u, bon\u00e9 e sombrinhas. Tamb\u00e9m \u00e9 importante trazer a sua \u00e1gua, mesmo que a Prefeitura fa\u00e7a a distribui\u00e7\u00e3o\u201d, orientou o secret\u00e1rio.<\/p>\n<p>Durante o desfile, algumas vias do Centro tamb\u00e9m estar\u00e3o interditadas para os ve\u00edculos.<\/p>\n<p>Por isso, o secret\u00e1rio pede que a sinaliza\u00e7\u00e3o seja respeitada e que os condutores dirijam com aten\u00e7\u00e3o.<\/p>\n<p>Ele destaca que as vias devem ser liberadas logo ap\u00f3s a conclus\u00e3o do desfile, por volta das 11h, com a inten\u00e7\u00e3o de causar o menor transtorno poss\u00edvel.<\/p>\n<p>O desfile c\u00edvico-militar de 7 de Setembro vai reunir o maior n\u00famero de entidades participantes da hist\u00f3ria e contar\u00e1 com, ao menos, 16 mil componentes.<\/p>\n<p>A expectativa, segundo Jeth, \u00e9 receber um p\u00fablico de at\u00e9 60 mil pessoas.<br \/>\n<!-- H&aacute; banners, eles s&atilde;o deficientes ou nenhum qualificado para este local! --><\/p>\n<\/p><\/div>\n<p><script async src=\"\/\/www.instagram.com\/embed.js\"><\/script><br \/>\n<br \/><br \/>\n<br \/><a href=\"https:\/\/rgtnews.com.br\/destaque\/diante-do-calor-prefeitura-disponibilizara-agua-tendas-e-estrutura-de-saude-para-a-populacao-no-7-de-setembro\/?utm_source=rss&#038;utm_medium=rss&#038;utm_campaign=diante-do-calor-prefeitura-disponibilizara-agua-tendas-e-estrutura-de-saude-para-a-populacao-no-7-de-setembro\">Fonte da Noticia <\/a><\/p>\n","protected":false},"excerpt":{"rendered":"<p>A Prefeitura de Rondon\u00f3polis vem tomando uma s\u00e9rie de medidas para proteger a popula\u00e7\u00e3o diante da possibilidade de altas temperaturas na manh\u00e3 desta segunda-feira (7), durante o desfile c\u00edvico-militar do Dia da Independ\u00eancia, na Avenida Amazonas, no Centro. A gest\u00e3o municipal organizou tendas, pontos de distribui\u00e7\u00e3o de \u00e1gua e assist\u00eancia m\u00e9dica de plant\u00e3o para atender [&hellip;]<\/p>\n","protected":false},"author":1,"featured_media":21565,"comment_status":"closed","ping_status":"closed","sticky":false,"template":"","format":"standard","meta":[],"categories":[1],"tags":[],"_links":{"self":[{"href":"https:\/\/ligana104.com.br\/2021\/wp-json\/wp\/v2\/posts\/21564"}],"collection":[{"href":"https:\/\/ligana104.com.br\/2021\/wp-json\/wp\/v2\/posts"}],"about":[{"href":"https:\/\/ligana104.com.br\/2021\/wp-json\/wp\/v2\/types\/post"}],"author":[{"embeddable":true,"href":"https:\/\/ligana104.com.br\/2021\/wp-json\/wp\/v2\/users\/1"}],"replies":[{"embeddable":true,"href":"https:\/\/ligana104.com.br\/2021\/wp-json\/wp\/v2\/comments?post=21564"}],"version-history":[{"count":1,"href":"https:\/\/ligana104.com.br\/2021\/wp-json\/wp\/v2\/posts\/21564\/revisions"}],"predecessor-version":[{"id":21566,"href":"https:\/\/ligana104.com.br\/2021\/wp-json\/wp\/v2\/posts\/21564\/revisions\/21566"}],"wp:featuredmedia":[{"embeddable":true,"href":"https:\/\/ligana104.com.br\/2021\/wp-json\/wp\/v2\/media\/21565"}],"wp:attachment":[{"href":"https:\/\/ligana104.com.br\/2021\/wp-json\/wp\/v2\/media?parent=21564"}],"wp:term":[{"taxonomy":"category","embeddable":true,"href":"https:\/\/ligana104.com.br\/2021\/wp-json\/wp\/v2\/categories?post=21564"},{"taxonomy":"post_tag","embeddable":true,"href":"https:\/\/ligana104.com.br\/2021\/wp-json\/wp\/v2\/tags?post=21564"}],"curies":[{"name":"wp","href":"https:\/\/api.w.org\/{rel}","templated":true}]}}