{"id":21558,"date":"2026-09-05T12:30:15","date_gmt":"2026-09-05T15:30:15","guid":{"rendered":"https:\/\/ligana104.com.br\/2021\/2026\/09\/05\/com-apoio-da-prefeitura-caveiras-moto-festival-comeca-com-grande-publico-e-muitos-atrativos\/"},"modified":"2026-09-05T12:30:15","modified_gmt":"2026-09-05T15:30:15","slug":"com-apoio-da-prefeitura-caveiras-moto-festival-comeca-com-grande-publico-e-muitos-atrativos","status":"publish","type":"post","link":"https:\/\/ligana104.com.br\/2021\/2026\/09\/05\/com-apoio-da-prefeitura-caveiras-moto-festival-comeca-com-grande-publico-e-muitos-atrativos\/","title":{"rendered":"Com apoio da Prefeitura, Caveiras Moto Festival come\u00e7a com grande p\u00fablico e muitos atrativos"},"content":{"rendered":"<p> <br \/>\n<\/p>\n<div>\n<p>O come\u00e7o da 10\u00aa edi\u00e7\u00e3o do Caveiras Moto Festival, que conta com o apoio da Prefeitura de Rondon\u00f3polis, atraiu um grande p\u00fablico nesta sexta-feira (4) ao Parque Encontro das \u00c1guas, na Vila Aurora. Al\u00e9m do show nacional do cantor Supla, o p\u00fablico amante do rock, do motociclismo ou mesmo de uma boa festa desfrutou de in\u00fameros atrativos, consolidando o evento como uma op\u00e7\u00e3o diferenciada de entretenimento na cidade.\u00a0<\/p>\n<p>Quem foi nesta primeira noite ao festival p\u00f4de desfrutar de show pirot\u00e9cnico, de uma pra\u00e7a de alimenta\u00e7\u00e3o com muitas op\u00e7\u00f5es de lanches, doces e bebidas, de um rico artesanato, de estandes com mostra e venda de produtos e servi\u00e7os, de parque infantil com brinquedos infl\u00e1veis, passeio de tirolesa radical, estande de tiro com airsoft, bem como da programa\u00e7\u00e3o com rock regional e nacional de qualidade. Tudo isso com entrada de gra\u00e7a, havendo a op\u00e7\u00e3o de doa\u00e7\u00e3o de alimentos ou ra\u00e7\u00e3o para pets, a serem destinados para entidades locais.<\/p>\n<p>Entre o p\u00fablico, a assistente cont\u00e1bil Damaris Paiva conta que a paix\u00e3o pelo rock a levou ao evento nesta sexta-feira. \u201cO festival traz figuras nacionais que a gente \u00e0s vezes n\u00e3o conhece e tamb\u00e9m d\u00e1 uma oportunidade pra gente conhecer novas bandas. Eu achei a estrutura legal, t\u00e1 bacana, t\u00e1 bem arrumado principalmente porque \u00e9 um evento de gra\u00e7a\u201d, avaliou.<\/p>\n<div class=\"g g-90\">\n<div class=\"g-single a-66\">\n<div style=\"position: relative; width: 100%;\">\n    <!-- Banner 3 --><\/p>\n<p>    <!-- Banner 4 --><\/p>\n<div id=\"banner4\" style=\"opacity: 0; transition: opacity 1s; width: 100%;\">\n        <a class=\"gofollow\" data-track=\"NjYsOTAsMSw2MA==\" href=\"https:\/\/www.instagram.com\/cdl.roo\" target=\"_blank\" rel=\"noopener\">&#13;<br \/>\n            &#13;<br \/>\n        <\/a>\n    <\/div>\n<\/div>\n<\/div>\n<\/div>\n<figure class=\"wp-block-image\"><img decoding=\"async\" src=\"https:\/\/www.rondonopolis.mt.gov.br\/media\/uploads\/caveiras%20-%20supla.jpg\" alt=\"\" title=\"\"\/><figcaption class=\"wp-element-caption\">Foto \u2013 Marcos Miraglia<\/figcaption><\/figure>\n<p>O funcion\u00e1rio p\u00fablico Vanderlei Lins compareceu com a fam\u00edlia: a esposa e a filha. \u201c\u00c9 um evento bem tranquilo, sendo que poucas vezes tem alguma coisa nesse segmento para a cidade. Ent\u00e3o, a gente vem prestigiar mesmo. A estrutura cada vez fica melhor, porque j\u00e1 \u00e9 a segunda vez que a gente vem a um evento do Caveiras e, cada vez, tem mais estrutura\u201d, disse ele.\u00a0<\/p>\n<p>O Caveiras Moto Festival passou ainda a ser o ponto de encontro de v\u00e1rios motoclubes do pa\u00eds, vindos das mais diversas cidades e estados. Motos dos mais variados estilos, de m\u00e9dia e alta cilindradas s\u00e3o uma vitrine para quem gosta e \u00e9 apaixonado por duas rodas. Os integrantes dos motoclubes fazem da festa um momento de confraterniza\u00e7\u00e3o da categoria.<\/p>\n<p>Realizado pelo Instituto Brasil e patroc\u00ednio da empresa Rumo, atrav\u00e9s da lei federal de incentivo \u00e0 cultura, o festival prossegue ainda neste s\u00e1bado, com show de RPM O Legado, e domingo, com Rodox, tamb\u00e9m com entrada de gra\u00e7a.\u00a0<\/p>\n<p><strong>APOIO INSTITUCIONAL\u00a0<\/strong><\/p>\n<p>Para tornar realidade a iniciativa, a Prefeitura de Rondon\u00f3polis n\u00e3o mediu esfor\u00e7os para estruturar o parque. A Secretaria Municipal de Meio Ambiente realizou o trabalho paisag\u00edstico e limpeza do local. A Secretaria Municipal de Infraestrutura fez a revis\u00e3o das redes el\u00e9tricas e hidr\u00e1ulicas. A Secretaria Municipal de Mobilidade Urbana garante a seguran\u00e7a de pedestres e motoristas no tr\u00e2nsito. E o Gabinete de Comunica\u00e7\u00e3o vem ajudando na divulga\u00e7\u00e3o do festival.<\/p>\n<figure class=\"wp-block-image\"><img decoding=\"async\" src=\"https:\/\/www.rondonopolis.mt.gov.br\/media\/uploads\/caveiras%20publico.jpg\" alt=\"\" title=\"\"\/><figcaption class=\"wp-element-caption\">Foto \u2013 Marcos Miraglia<\/figcaption><\/figure>\n<figure class=\"wp-block-image\"><img decoding=\"async\" src=\"https:\/\/www.rondonopolis.mt.gov.br\/media\/uploads\/caveiras%20-%20entrada.jpg\" alt=\"\" title=\"\"\/><figcaption class=\"wp-element-caption\">Foto \u2013 Marcos Miraglia<\/figcaption><\/figure>\n<p><!-- H&aacute; banners, eles s&atilde;o deficientes ou nenhum qualificado para este local! --><\/p>\n<\/p><\/div>\n<p><script async src=\"\/\/www.instagram.com\/embed.js\"><\/script><br \/>\n<br \/><br \/>\n<br \/><a href=\"https:\/\/rgtnews.com.br\/destaque\/com-apoio-da-prefeitura-caveiras-moto-festival-comeca-com-grande-publico-e-muitos-atrativos\/?utm_source=rss&#038;utm_medium=rss&#038;utm_campaign=com-apoio-da-prefeitura-caveiras-moto-festival-comeca-com-grande-publico-e-muitos-atrativos\">Fonte da Noticia <\/a><\/p>\n","protected":false},"excerpt":{"rendered":"<p>O come\u00e7o da 10\u00aa edi\u00e7\u00e3o do Caveiras Moto Festival, que conta com o apoio da Prefeitura de Rondon\u00f3polis, atraiu um grande p\u00fablico nesta sexta-feira (4) ao Parque Encontro das \u00c1guas, na Vila Aurora. Al\u00e9m do show nacional do cantor Supla, o p\u00fablico amante do rock, do motociclismo ou mesmo de uma boa festa desfrutou de [&hellip;]<\/p>\n","protected":false},"author":1,"featured_media":21559,"comment_status":"closed","ping_status":"closed","sticky":false,"template":"","format":"standard","meta":[],"categories":[1],"tags":[],"_links":{"self":[{"href":"https:\/\/ligana104.com.br\/2021\/wp-json\/wp\/v2\/posts\/21558"}],"collection":[{"href":"https:\/\/ligana104.com.br\/2021\/wp-json\/wp\/v2\/posts"}],"about":[{"href":"https:\/\/ligana104.com.br\/2021\/wp-json\/wp\/v2\/types\/post"}],"author":[{"embeddable":true,"href":"https:\/\/ligana104.com.br\/2021\/wp-json\/wp\/v2\/users\/1"}],"replies":[{"embeddable":true,"href":"https:\/\/ligana104.com.br\/2021\/wp-json\/wp\/v2\/comments?post=21558"}],"version-history":[{"count":1,"href":"https:\/\/ligana104.com.br\/2021\/wp-json\/wp\/v2\/posts\/21558\/revisions"}],"predecessor-version":[{"id":21560,"href":"https:\/\/ligana104.com.br\/2021\/wp-json\/wp\/v2\/posts\/21558\/revisions\/21560"}],"wp:featuredmedia":[{"embeddable":true,"href":"https:\/\/ligana104.com.br\/2021\/wp-json\/wp\/v2\/media\/21559"}],"wp:attachment":[{"href":"https:\/\/ligana104.com.br\/2021\/wp-json\/wp\/v2\/media?parent=21558"}],"wp:term":[{"taxonomy":"category","embeddable":true,"href":"https:\/\/ligana104.com.br\/2021\/wp-json\/wp\/v2\/categories?post=21558"},{"taxonomy":"post_tag","embeddable":true,"href":"https:\/\/ligana104.com.br\/2021\/wp-json\/wp\/v2\/tags?post=21558"}],"curies":[{"name":"wp","href":"https:\/\/api.w.org\/{rel}","templated":true}]}}