{"id":21552,"date":"2026-09-04T21:20:14","date_gmt":"2026-09-05T00:20:14","guid":{"rendered":"https:\/\/ligana104.com.br\/2021\/2026\/09\/04\/wellington-e-reinaldo-fortalecem-articulacao-no-interior-durante-agenda-em-rondonopolis\/"},"modified":"2026-09-04T21:20:15","modified_gmt":"2026-09-05T00:20:15","slug":"wellington-e-reinaldo-fortalecem-articulacao-no-interior-durante-agenda-em-rondonopolis","status":"publish","type":"post","link":"https:\/\/ligana104.com.br\/2021\/2026\/09\/04\/wellington-e-reinaldo-fortalecem-articulacao-no-interior-durante-agenda-em-rondonopolis\/","title":{"rendered":"Wellington e Reinaldo fortalecem articula\u00e7\u00e3o no interior, durante agenda em Rondon\u00f3polis"},"content":{"rendered":"<p> <br \/>\n<\/p>\n<div>\n<p>O candidato ao Governo de Mato Grosso, Wellington Fagundes (PL), e seu vice, Reinaldo Morais (NOVO), marcaram presen\u00e7a, na noite desta quinta-feira (3), no lan\u00e7amento do QG de campanha do candidato a deputado federal Rodrigo da Zaeli, em Rondon\u00f3polis. O evento reuniu candidatos e lideran\u00e7as pol\u00edticas da regi\u00e3o, entre eles Nelis do Oper\u00e1rio, Luciana Horta, Ibrahim Zaher, o vereador Jos\u00e9 Felipe Horta e Z\u00e9 M\u00e1rcio Guedes, fortalecendo a articula\u00e7\u00e3o do grupo no munic\u00edpio, reduto eleitoral de Wellington.<\/p>\n<p>\u201cRondon\u00f3polis \u00e9 uma cidade muito importante para a nossa caminhada. \u00c9 a minha casa, onde constru\u00ed minha trajet\u00f3ria pol\u00edtica e onde sempre encontrei apoio e confian\u00e7a. Ver nossas lideran\u00e7as reunidas e o Rodrigo da Zaeli inaugurando seu QG mostra que temos um grupo forte, unido e preparado para levar esse projeto a todo o Estado\u201d, afirmou Wellington.<\/p>\n<p>A agenda do vice-governador Reinaldo come\u00e7ou ainda durante o dia, com reuni\u00f5es com candidatos a deputado estadual e federal dos partidos que integram o grupo pol\u00edtico, entre PL, Novo e MDB. O empres\u00e1rio tamb\u00e9m se reuniou com lideran\u00e7as evang\u00e9licas e passou por emissoras de r\u00e1dio e televis\u00e3o para apresentar propostas e ampliar o di\u00e1logo com a popula\u00e7\u00e3o.<\/p>\n<div class=\"g g-90\">\n<div class=\"g-single a-66\">\n<div style=\"position: relative; width: 100%;\">\n    <!-- Banner 3 --><\/p>\n<p>    <!-- Banner 4 --><\/p>\n<div id=\"banner4\" style=\"opacity: 0; transition: opacity 1s; width: 100%;\">\n        <a class=\"gofollow\" data-track=\"NjYsOTAsMSw2MA==\" href=\"https:\/\/www.instagram.com\/cdl.roo\" target=\"_blank\" rel=\"noopener\">&#13;<br \/>\n            &#13;<br \/>\n        <\/a>\n    <\/div>\n<\/div>\n<\/div>\n<\/div>\n<p>A presen\u00e7a de Reinaldo no interior faz parte de uma estrat\u00e9gia de intensifica\u00e7\u00e3o das agendas nos munic\u00edpios para fortalecer a campanha e aproximar o projeto das lideran\u00e7as regionais. Enquanto o candidato a vice percorre diferentes cidades e amplia a articula\u00e7\u00e3o no interior, Wellington tem concentrado parte de sua agenda na capital nos \u00faltimos dias, participando de sabatinas, entrevistas e debates sobre as propostas para Mato Grosso.<\/p>\n<p>\u201cTemos intensificado nossa presen\u00e7a no interior para ouvir as pessoas, conversar com as lideran\u00e7as e fortalecer nossa campanha. Foi um dia de muita troca de experi\u00eancia e informa\u00e7\u00e3o, levando esperan\u00e7a ao nosso povo. Estamos construindo uma caminhada forte, com Wellington governador e Fl\u00e1vio presidente\u201d, afirmou Reinaldo.<br \/>\n<!-- H&aacute; banners, eles s&atilde;o deficientes ou nenhum qualificado para este local! --><\/p>\n<\/p><\/div>\n<p><script async src=\"\/\/www.instagram.com\/embed.js\"><\/script><br \/>\n<br \/><br \/>\n<br \/><a href=\"https:\/\/rgtnews.com.br\/destaque\/wellington-e-reinaldo-fortalecem-articulacao-no-interior-durante-agenda-em-rondonopolis\/?utm_source=rss&#038;utm_medium=rss&#038;utm_campaign=wellington-e-reinaldo-fortalecem-articulacao-no-interior-durante-agenda-em-rondonopolis\">Fonte da Noticia <\/a><\/p>\n","protected":false},"excerpt":{"rendered":"<p>O candidato ao Governo de Mato Grosso, Wellington Fagundes (PL), e seu vice, Reinaldo Morais (NOVO), marcaram presen\u00e7a, na noite desta quinta-feira (3), no lan\u00e7amento do QG de campanha do candidato a deputado federal Rodrigo da Zaeli, em Rondon\u00f3polis. O evento reuniu candidatos e lideran\u00e7as pol\u00edticas da regi\u00e3o, entre eles Nelis do Oper\u00e1rio, Luciana Horta, [&hellip;]<\/p>\n","protected":false},"author":1,"featured_media":21553,"comment_status":"closed","ping_status":"closed","sticky":false,"template":"","format":"standard","meta":[],"categories":[1],"tags":[],"_links":{"self":[{"href":"https:\/\/ligana104.com.br\/2021\/wp-json\/wp\/v2\/posts\/21552"}],"collection":[{"href":"https:\/\/ligana104.com.br\/2021\/wp-json\/wp\/v2\/posts"}],"about":[{"href":"https:\/\/ligana104.com.br\/2021\/wp-json\/wp\/v2\/types\/post"}],"author":[{"embeddable":true,"href":"https:\/\/ligana104.com.br\/2021\/wp-json\/wp\/v2\/users\/1"}],"replies":[{"embeddable":true,"href":"https:\/\/ligana104.com.br\/2021\/wp-json\/wp\/v2\/comments?post=21552"}],"version-history":[{"count":1,"href":"https:\/\/ligana104.com.br\/2021\/wp-json\/wp\/v2\/posts\/21552\/revisions"}],"predecessor-version":[{"id":21554,"href":"https:\/\/ligana104.com.br\/2021\/wp-json\/wp\/v2\/posts\/21552\/revisions\/21554"}],"wp:featuredmedia":[{"embeddable":true,"href":"https:\/\/ligana104.com.br\/2021\/wp-json\/wp\/v2\/media\/21553"}],"wp:attachment":[{"href":"https:\/\/ligana104.com.br\/2021\/wp-json\/wp\/v2\/media?parent=21552"}],"wp:term":[{"taxonomy":"category","embeddable":true,"href":"https:\/\/ligana104.com.br\/2021\/wp-json\/wp\/v2\/categories?post=21552"},{"taxonomy":"post_tag","embeddable":true,"href":"https:\/\/ligana104.com.br\/2021\/wp-json\/wp\/v2\/tags?post=21552"}],"curies":[{"name":"wp","href":"https:\/\/api.w.org\/{rel}","templated":true}]}}