{"id":21546,"date":"2026-09-04T19:10:14","date_gmt":"2026-09-04T22:10:14","guid":{"rendered":"https:\/\/ligana104.com.br\/2021\/2026\/09\/04\/tarifa-zero-alessandra-ferreira-propoe-isencao-de-pedagio-para-motos-em-mt\/"},"modified":"2026-09-04T19:10:15","modified_gmt":"2026-09-04T22:10:15","slug":"tarifa-zero-alessandra-ferreira-propoe-isencao-de-pedagio-para-motos-em-mt","status":"publish","type":"post","link":"https:\/\/ligana104.com.br\/2021\/2026\/09\/04\/tarifa-zero-alessandra-ferreira-propoe-isencao-de-pedagio-para-motos-em-mt\/","title":{"rendered":"Tarifa zero: Alessandra Ferreira prop\u00f5e isen\u00e7\u00e3o de ped\u00e1gio para motos em MT"},"content":{"rendered":"<p> <br \/>\n<\/p>\n<div>\n<p>Refor\u00e7ando seu compromisso com os trabalhadores e as pessoas que mais precisam, a candidata a deputada estadual Alessandra Ferreira (Podemos) defende que a cobran\u00e7a de tarifa de ped\u00e1gio para motocicletas seja zerada em rodovias estaduais de Mato Grosso. Essa \u00e9 uma das propostas que pretende defender na Assembleia Legislativa de Mato Grosso (ALMT), caso seja eleita, por acreditar que a cobran\u00e7a penaliza as fam\u00edlias com menor poder aquisitivo.<\/p>\n<p>A tarifa de ped\u00e1gio \u00e9 cobrada para remunerar as empresas que administram as rodovias, com a contrapartida da garantia da manuten\u00e7\u00e3o, seguran\u00e7a e presta\u00e7\u00e3o de servi\u00e7os aos usu\u00e1rios. Contudo, em grandes centros, j\u00e1 h\u00e1 um consenso de que as motocicletas causam baix\u00edssimo impacto no uso das rodovias, por isso, a cobran\u00e7a de tarifa n\u00e3o seria justa.<\/p>\n<p>Alessandra lembra que, em sua maioria, as motocicletas s\u00e3o utilizadas por trabalhadores como meio de transporte principal devido ao custo acess\u00edvel e \u00e0 economia de combust\u00edvel. Al\u00e9m disso, as motos t\u00eam carga leve e n\u00e3o danificam a estrutura da rodovia como ve\u00edculos de carga e carros pesados e, por isso, cobrar a tarifa de quem n\u00e3o gera custos \u00e9 visto como algo injusto.<\/p>\n<div class=\"g g-90\">\n<div class=\"g-single a-66\">\n<div style=\"position: relative; width: 100%;\">\n    <!-- Banner 3 --><\/p>\n<p>    <!-- Banner 4 --><\/p>\n<div id=\"banner4\" style=\"opacity: 0; transition: opacity 1s; width: 100%;\">\n        <a class=\"gofollow\" data-track=\"NjYsOTAsMSw2MA==\" href=\"https:\/\/www.instagram.com\/cdl.roo\" target=\"_blank\" rel=\"noopener\">&#13;<br \/>\n            &#13;<br \/>\n        <\/a>\n    <\/div>\n<\/div>\n<\/div>\n<\/div>\n<p>\u201cEssa j\u00e1 \u00e9 uma realidade em grandes centros brasileiros. Por que n\u00e3o trazer isso para Mato Grosso? Se os outros conseguiram implementar essa medida, n\u00f3s tamb\u00e9m podemos. Quero levar esse tema para discuss\u00e3o na Assembleia, buscar uma alternativa que garanta mais justi\u00e7a na cobran\u00e7a de ped\u00e1gio e contribua para aliviar o or\u00e7amento das fam\u00edlias que dependem da motocicleta como principal meio de transporte\u201d, afirmou Alessandra.<\/p>\n<p>A candidata destaca que a medida faz parte de um conjunto de propostas voltadas \u00e0 melhoria da qualidade de vida da popula\u00e7\u00e3o e \u00e0 redu\u00e7\u00e3o dos custos para os trabalhadores de Mato Grosso.<br \/>\n<!-- H&aacute; banners, eles s&atilde;o deficientes ou nenhum qualificado para este local! --><\/p>\n<\/p><\/div>\n<p><script async src=\"\/\/www.instagram.com\/embed.js\"><\/script><br \/>\n<br \/><br \/>\n<br \/><a href=\"https:\/\/rgtnews.com.br\/destaque\/tarifa-zero-alessandra-propoe-isencao-de-pedagio-para-motos-em-mt\/?utm_source=rss&#038;utm_medium=rss&#038;utm_campaign=tarifa-zero-alessandra-propoe-isencao-de-pedagio-para-motos-em-mt\">Fonte da Noticia <\/a><\/p>\n","protected":false},"excerpt":{"rendered":"<p>Refor\u00e7ando seu compromisso com os trabalhadores e as pessoas que mais precisam, a candidata a deputada estadual Alessandra Ferreira (Podemos) defende que a cobran\u00e7a de tarifa de ped\u00e1gio para motocicletas seja zerada em rodovias estaduais de Mato Grosso. Essa \u00e9 uma das propostas que pretende defender na Assembleia Legislativa de Mato Grosso (ALMT), caso seja [&hellip;]<\/p>\n","protected":false},"author":1,"featured_media":21547,"comment_status":"closed","ping_status":"closed","sticky":false,"template":"","format":"standard","meta":[],"categories":[1],"tags":[],"_links":{"self":[{"href":"https:\/\/ligana104.com.br\/2021\/wp-json\/wp\/v2\/posts\/21546"}],"collection":[{"href":"https:\/\/ligana104.com.br\/2021\/wp-json\/wp\/v2\/posts"}],"about":[{"href":"https:\/\/ligana104.com.br\/2021\/wp-json\/wp\/v2\/types\/post"}],"author":[{"embeddable":true,"href":"https:\/\/ligana104.com.br\/2021\/wp-json\/wp\/v2\/users\/1"}],"replies":[{"embeddable":true,"href":"https:\/\/ligana104.com.br\/2021\/wp-json\/wp\/v2\/comments?post=21546"}],"version-history":[{"count":1,"href":"https:\/\/ligana104.com.br\/2021\/wp-json\/wp\/v2\/posts\/21546\/revisions"}],"predecessor-version":[{"id":21548,"href":"https:\/\/ligana104.com.br\/2021\/wp-json\/wp\/v2\/posts\/21546\/revisions\/21548"}],"wp:featuredmedia":[{"embeddable":true,"href":"https:\/\/ligana104.com.br\/2021\/wp-json\/wp\/v2\/media\/21547"}],"wp:attachment":[{"href":"https:\/\/ligana104.com.br\/2021\/wp-json\/wp\/v2\/media?parent=21546"}],"wp:term":[{"taxonomy":"category","embeddable":true,"href":"https:\/\/ligana104.com.br\/2021\/wp-json\/wp\/v2\/categories?post=21546"},{"taxonomy":"post_tag","embeddable":true,"href":"https:\/\/ligana104.com.br\/2021\/wp-json\/wp\/v2\/tags?post=21546"}],"curies":[{"name":"wp","href":"https:\/\/api.w.org\/{rel}","templated":true}]}}