{"id":21543,"date":"2026-09-04T17:00:15","date_gmt":"2026-09-04T20:00:15","guid":{"rendered":"https:\/\/ligana104.com.br\/2021\/2026\/09\/04\/pivetta-e-mauro-mendes-apoiam-reeleicao-de-nininho-e-destacam-atuacao-do-deputado-na-recuperacao-de-mt\/"},"modified":"2026-09-04T17:00:17","modified_gmt":"2026-09-04T20:00:17","slug":"pivetta-e-mauro-mendes-apoiam-reeleicao-de-nininho-e-destacam-atuacao-do-deputado-na-recuperacao-de-mt","status":"publish","type":"post","link":"https:\/\/ligana104.com.br\/2021\/2026\/09\/04\/pivetta-e-mauro-mendes-apoiam-reeleicao-de-nininho-e-destacam-atuacao-do-deputado-na-recuperacao-de-mt\/","title":{"rendered":"Pivetta e Mauro Mendes apoiam reelei\u00e7\u00e3o de Nininho e destacam atua\u00e7\u00e3o do deputado na recupera\u00e7\u00e3o de MT"},"content":{"rendered":"<p> <br \/>\n<\/p>\n<div>\n<p>O governador Otaviano Pivetta (Republicanos) e o ex-governador Mauro Mendes (Uni\u00e3o) declararam apoio \u00e0 reelei\u00e7\u00e3o do deputado estadual Ondanir Bortolini \u2013 Nininho (Republicanos). Eles associam a posi\u00e7\u00e3o \u00e0 atua\u00e7\u00e3o do parlamentar na Assembleia Legislativa de Mato Grosso (ALMT) desde o in\u00edcio da reorganiza\u00e7\u00e3o fiscal do Estado, em 2019. Pivetta destaca a participa\u00e7\u00e3o do deputado na aprova\u00e7\u00e3o das medidas enviadas pelo Executivo naquele per\u00edodo, enquanto Mendes aponta a atua\u00e7\u00e3o de Nininho na cobran\u00e7a por infraestrutura e servi\u00e7os p\u00fablicos.<\/p>\n<p>Quando Mauro Mendes assumiu o governo, em janeiro de 2019, Mato Grosso enfrentava d\u00e9ficit financeiro, atrasos no pagamento do funcionalismo e dificuldades para quitar compromissos com fornecedores. Entre as medidas encaminhadas \u00e0 Assembleia estavam a Lei de Responsabilidade Fiscal Estadual, mudan\u00e7as na estrutura administrativa e a revis\u00e3o da pol\u00edtica de incentivos fiscais, garantindo o in\u00edcio da trajet\u00f3ria de recupera\u00e7\u00e3o fiscal que posteriormente permitiu ampliar os investimentos p\u00fablicos.<\/p>\n<p>Nininho integrou a base parlamentar que participou das vota\u00e7\u00f5es e do di\u00e1logo em torno das propostas. Na discuss\u00e3o da pol\u00edtica de incentivos, teve uma atribui\u00e7\u00e3o espec\u00edfica: presidiu a comiss\u00e3o especial criada pela ALMT para analisar o Projeto de Lei Complementar n\u00ba 53\/2019, que posteriormente resultou na Lei Complementar n\u00ba 631\/2019. A legisla\u00e7\u00e3o tratou da reinstitui\u00e7\u00e3o, revoga\u00e7\u00e3o e altera\u00e7\u00e3o de benef\u00edcios fiscais relacionados ao ICMS.<\/p>\n<div class=\"g g-90\">\n<div class=\"g-single a-66\">\n<div style=\"position: relative; width: 100%;\">\n    <!-- Banner 3 --><\/p>\n<p>    <!-- Banner 4 --><\/p>\n<div id=\"banner4\" style=\"opacity: 0; transition: opacity 1s; width: 100%;\">\n        <a class=\"gofollow\" data-track=\"NjYsOTAsMSw2MA==\" href=\"https:\/\/www.instagram.com\/cdl.roo\" target=\"_blank\" rel=\"noopener\">&#13;<br \/>\n            &#13;<br \/>\n        <\/a>\n    <\/div>\n<\/div>\n<\/div>\n<\/div>\n<p>\u201cFoi um per\u00edodo em que decis\u00f5es dif\u00edceis precisavam ser tomadas. Meu papel na Assembleia foi discutir as propostas, buscar equil\u00edbrio e ajudar Mato Grosso a recuperar as condi\u00e7\u00f5es para investir. Hoje, quando vemos estradas, hospitais e outras obras sendo executadas, sabemos o quanto foi importante organizar o Estado naquele momento\u201d, lembra Nininho.<\/p>\n<p><strong>REFORMAS E INVESTIMENTOS<\/strong><\/p>\n<p>Pivetta destaca justamente esse per\u00edodo. Segundo o governador, a participa\u00e7\u00e3o da Assembleia foi determinante para que o Executivo implantasse as mudan\u00e7as consideradas necess\u00e1rias no in\u00edcio da gest\u00e3o. \u201cO Nininho nos ajudou a aprovar as leis necess\u00e1rias para fazer a reforma do Estado, recuperar Mato Grosso e devolver o Estado ao seu povo\u201d, afirma.<\/p>\n<p>O governador tamb\u00e9m relaciona a reorganiza\u00e7\u00e3o das contas ao ciclo posterior de investimentos. Cita a pavimenta\u00e7\u00e3o de milhares de quil\u00f4metros de rodovias e a constru\u00e7\u00e3o de hospitais. Entre os exemplos apresentados est\u00e1 o Hospital Central de Cuiab\u00e1, cuja obra permaneceu inacabada por 34 anos. A unidade foi inaugurada em dezembro de 2025 e entrou em funcionamento em janeiro de 2026. Tamb\u00e9m aponta a constru\u00e7\u00e3o do novo Hospital Estadual do Alto Tapaj\u00f3s, que teve a articula\u00e7\u00e3o liderada por Nininho.<\/p>\n<p><strong>APOIO \u00c0 REELEI\u00c7\u00c3O<\/strong><\/p>\n<p>Mauro Mendes enaltece a rela\u00e7\u00e3o mantida com Nininho durante os sete anos e tr\u00eas meses em que esteve \u00e0 frente do governo estadual. Segundo o ex-governador, as reivindica\u00e7\u00f5es apresentadas pelo parlamentar eram direcionadas principalmente a projetos de interesse dos munic\u00edpios e das regi\u00f5es que representa.<\/p>\n<p>\u201cO Nininho foi um grande deputado de Mato Grosso, por Mato Grosso e por todos aqueles que ele representa. \u00c9 trabalhador, competente, dedicado e s\u00e9rio. \u00c9 um deputado que vai l\u00e1 para reivindicar coisas que s\u00e3o boas para a popula\u00e7\u00e3o\u201d, destaca Mendes.<\/p>\n<p>O ex-governador tamb\u00e9m menciona a insist\u00eancia do parlamentar na cobran\u00e7a por respostas do Executivo. \u201c\u00c0s vezes ele \u00e9 chato porque pede, pede. Eu falo chato no bom sentido. \u00c9 aquele cara que n\u00e3o desiste, que \u00e9 persistente\u201d, observa.<\/p>\n<p>Para Mendes, essa postura permitiu ao deputado conquistar projetos para diferentes regi\u00f5es do Estado. \u201cEle merece muito ser o nosso deputado estadual mais uma vez para representar Mato Grosso\u201d, conclui Mauro Mendes.<br \/>\n<!-- H&aacute; banners, eles s&atilde;o deficientes ou nenhum qualificado para este local! --><\/p>\n<\/p><\/div>\n<p><script async src=\"\/\/www.instagram.com\/embed.js\"><\/script><br \/>\n<br \/><br \/>\n<br \/><a href=\"https:\/\/rgtnews.com.br\/noticias\/politica\/pivetta-e-mauro-mendes-apoiam-reeleicao-de-nininho-e-destacam-atuacao-do-deputado-na-recuperacao-de-mt\/?utm_source=rss&#038;utm_medium=rss&#038;utm_campaign=pivetta-e-mauro-mendes-apoiam-reeleicao-de-nininho-e-destacam-atuacao-do-deputado-na-recuperacao-de-mt\">Fonte da Noticia <\/a><\/p>\n","protected":false},"excerpt":{"rendered":"<p>O governador Otaviano Pivetta (Republicanos) e o ex-governador Mauro Mendes (Uni\u00e3o) declararam apoio \u00e0 reelei\u00e7\u00e3o do deputado estadual Ondanir Bortolini \u2013 Nininho (Republicanos). Eles associam a posi\u00e7\u00e3o \u00e0 atua\u00e7\u00e3o do parlamentar na Assembleia Legislativa de Mato Grosso (ALMT) desde o in\u00edcio da reorganiza\u00e7\u00e3o fiscal do Estado, em 2019. Pivetta destaca a participa\u00e7\u00e3o do deputado na [&hellip;]<\/p>\n","protected":false},"author":1,"featured_media":21544,"comment_status":"closed","ping_status":"closed","sticky":false,"template":"","format":"standard","meta":[],"categories":[1],"tags":[],"_links":{"self":[{"href":"https:\/\/ligana104.com.br\/2021\/wp-json\/wp\/v2\/posts\/21543"}],"collection":[{"href":"https:\/\/ligana104.com.br\/2021\/wp-json\/wp\/v2\/posts"}],"about":[{"href":"https:\/\/ligana104.com.br\/2021\/wp-json\/wp\/v2\/types\/post"}],"author":[{"embeddable":true,"href":"https:\/\/ligana104.com.br\/2021\/wp-json\/wp\/v2\/users\/1"}],"replies":[{"embeddable":true,"href":"https:\/\/ligana104.com.br\/2021\/wp-json\/wp\/v2\/comments?post=21543"}],"version-history":[{"count":1,"href":"https:\/\/ligana104.com.br\/2021\/wp-json\/wp\/v2\/posts\/21543\/revisions"}],"predecessor-version":[{"id":21545,"href":"https:\/\/ligana104.com.br\/2021\/wp-json\/wp\/v2\/posts\/21543\/revisions\/21545"}],"wp:featuredmedia":[{"embeddable":true,"href":"https:\/\/ligana104.com.br\/2021\/wp-json\/wp\/v2\/media\/21544"}],"wp:attachment":[{"href":"https:\/\/ligana104.com.br\/2021\/wp-json\/wp\/v2\/media?parent=21543"}],"wp:term":[{"taxonomy":"category","embeddable":true,"href":"https:\/\/ligana104.com.br\/2021\/wp-json\/wp\/v2\/categories?post=21543"},{"taxonomy":"post_tag","embeddable":true,"href":"https:\/\/ligana104.com.br\/2021\/wp-json\/wp\/v2\/tags?post=21543"}],"curies":[{"name":"wp","href":"https:\/\/api.w.org\/{rel}","templated":true}]}}