{"id":21540,"date":"2026-09-04T15:55:15","date_gmt":"2026-09-04T18:55:15","guid":{"rendered":"https:\/\/ligana104.com.br\/2021\/2026\/09\/04\/prefeito-claudio-ferreira-garante-gratuidade-no-transporte-publico-para-desfile-de-sete-de-setembro\/"},"modified":"2026-09-04T15:55:16","modified_gmt":"2026-09-04T18:55:16","slug":"prefeito-claudio-ferreira-garante-gratuidade-no-transporte-publico-para-desfile-de-sete-de-setembro","status":"publish","type":"post","link":"https:\/\/ligana104.com.br\/2021\/2026\/09\/04\/prefeito-claudio-ferreira-garante-gratuidade-no-transporte-publico-para-desfile-de-sete-de-setembro\/","title":{"rendered":"Prefeito Cl\u00e1udio Ferreira garante gratuidade no transporte p\u00fablico para Desfile de Sete de Setembro"},"content":{"rendered":"<p> <br \/>\n<\/p>\n<div>\n<p><strong><em>A popula\u00e7\u00e3o ter\u00e1 acesso facilitado ao Desfile C\u00edvico da Independ\u00eancia de 7 de setembro, em Rondon\u00f3polis.<\/em><\/strong><\/p>\n<p>O prefeito Cl\u00e1udio Ferreira emitiu um decreto concedendo gratuidade no transporte coletivo municipal em raz\u00e3o do evento c\u00edvico, que acontecer\u00e1 na Avenida Amazonas.<\/p>\n<p>Segundo o Decreto n\u00ba 13.568, de 3 de setembro de 2026, a Autarquia Municipal de Transporte Coletivo de Rondon\u00f3polis (AMTC) garantir\u00e1 transporte coletivo gratuito das 6h \u00e0s 13h.<\/p>\n<div class=\"g g-90\">\n<div class=\"g-single a-66\">\n<div style=\"position: relative; width: 100%;\">\n    <!-- Banner 3 --><\/p>\n<p>    <!-- Banner 4 --><\/p>\n<div id=\"banner4\" style=\"opacity: 0; transition: opacity 1s; width: 100%;\">\n        <a class=\"gofollow\" data-track=\"NjYsOTAsMSw2MA==\" href=\"https:\/\/www.instagram.com\/cdl.roo\" target=\"_blank\" rel=\"noopener\">&#13;<br \/>\n            &#13;<br \/>\n        <\/a>\n    <\/div>\n<\/div>\n<\/div>\n<\/div>\n<p>A gratuidade valer\u00e1 para as viagens de ida e volta em todo o munic\u00edpio.<\/p>\n<p>Cl\u00e1udio Ferreira justifica a medida considerando que o Desfile C\u00edvico da Independ\u00eancia do Brasil desempenha papel relevante na promo\u00e7\u00e3o da unidade, da identidade nacional e da educa\u00e7\u00e3o c\u00edvica, al\u00e9m de celebrar um marco hist\u00f3rico fundamental para o pa\u00eds.<\/p>\n<p>Em Rondon\u00f3polis, a cerim\u00f4nia da Independ\u00eancia do Brasil come\u00e7ar\u00e1 \u00e0s 6h30 desta segunda-feira (7).<\/p>\n<p>O desfile seguir\u00e1 pela Avenida Amazonas, com concentra\u00e7\u00e3o na Rua Domingos de Lima e dispers\u00e3o na Rua Jo\u00e3o Pessoa.<\/p>\n<p>A organiza\u00e7\u00e3o prev\u00ea a participa\u00e7\u00e3o de 60 entidades, entre escolas p\u00fablicas e privadas, institui\u00e7\u00f5es filantr\u00f3picas, religiosas e representativas da sociedade civil.<\/p>\n<p>Tamb\u00e9m participar\u00e3o do desfile o Ex\u00e9rcito, a Pol\u00edcia Militar e o Corpo de Bombeiros.<br \/>\n<!-- H&aacute; banners, eles s&atilde;o deficientes ou nenhum qualificado para este local! --><\/p>\n<\/p><\/div>\n<p><script async src=\"\/\/www.instagram.com\/embed.js\"><\/script><br \/>\n<br \/><br \/>\n<br \/><a href=\"https:\/\/rgtnews.com.br\/destaque\/prefeito-claudio-ferreira-garante-gratuidade-no-transporte-publico-para-desfile-de-sete-de-setembro\/?utm_source=rss&#038;utm_medium=rss&#038;utm_campaign=prefeito-claudio-ferreira-garante-gratuidade-no-transporte-publico-para-desfile-de-sete-de-setembro\">Fonte da Noticia <\/a><\/p>\n","protected":false},"excerpt":{"rendered":"<p>A popula\u00e7\u00e3o ter\u00e1 acesso facilitado ao Desfile C\u00edvico da Independ\u00eancia de 7 de setembro, em Rondon\u00f3polis. O prefeito Cl\u00e1udio Ferreira emitiu um decreto concedendo gratuidade no transporte coletivo municipal em raz\u00e3o do evento c\u00edvico, que acontecer\u00e1 na Avenida Amazonas. Segundo o Decreto n\u00ba 13.568, de 3 de setembro de 2026, a Autarquia Municipal de Transporte [&hellip;]<\/p>\n","protected":false},"author":1,"featured_media":21541,"comment_status":"closed","ping_status":"closed","sticky":false,"template":"","format":"standard","meta":[],"categories":[1],"tags":[],"_links":{"self":[{"href":"https:\/\/ligana104.com.br\/2021\/wp-json\/wp\/v2\/posts\/21540"}],"collection":[{"href":"https:\/\/ligana104.com.br\/2021\/wp-json\/wp\/v2\/posts"}],"about":[{"href":"https:\/\/ligana104.com.br\/2021\/wp-json\/wp\/v2\/types\/post"}],"author":[{"embeddable":true,"href":"https:\/\/ligana104.com.br\/2021\/wp-json\/wp\/v2\/users\/1"}],"replies":[{"embeddable":true,"href":"https:\/\/ligana104.com.br\/2021\/wp-json\/wp\/v2\/comments?post=21540"}],"version-history":[{"count":1,"href":"https:\/\/ligana104.com.br\/2021\/wp-json\/wp\/v2\/posts\/21540\/revisions"}],"predecessor-version":[{"id":21542,"href":"https:\/\/ligana104.com.br\/2021\/wp-json\/wp\/v2\/posts\/21540\/revisions\/21542"}],"wp:featuredmedia":[{"embeddable":true,"href":"https:\/\/ligana104.com.br\/2021\/wp-json\/wp\/v2\/media\/21541"}],"wp:attachment":[{"href":"https:\/\/ligana104.com.br\/2021\/wp-json\/wp\/v2\/media?parent=21540"}],"wp:term":[{"taxonomy":"category","embeddable":true,"href":"https:\/\/ligana104.com.br\/2021\/wp-json\/wp\/v2\/categories?post=21540"},{"taxonomy":"post_tag","embeddable":true,"href":"https:\/\/ligana104.com.br\/2021\/wp-json\/wp\/v2\/tags?post=21540"}],"curies":[{"name":"wp","href":"https:\/\/api.w.org\/{rel}","templated":true}]}}