{"id":21537,"date":"2026-09-04T14:50:20","date_gmt":"2026-09-04T17:50:20","guid":{"rendered":"https:\/\/ligana104.com.br\/2021\/2026\/09\/04\/eletricista-sofre-forte-descarga-eletrica-e-fica-com-gravissimos-ferimentos-em-mt-video-mostra-resgate-do-samu\/"},"modified":"2026-09-04T14:50:21","modified_gmt":"2026-09-04T17:50:21","slug":"eletricista-sofre-forte-descarga-eletrica-e-fica-com-gravissimos-ferimentos-em-mt-video-mostra-resgate-do-samu","status":"publish","type":"post","link":"https:\/\/ligana104.com.br\/2021\/2026\/09\/04\/eletricista-sofre-forte-descarga-eletrica-e-fica-com-gravissimos-ferimentos-em-mt-video-mostra-resgate-do-samu\/","title":{"rendered":"Eletricista sofre forte descarga el\u00e9trica e fica com grav\u00edssimos ferimentos em MT; v\u00eddeo mostra resgate do SAMU"},"content":{"rendered":"<p> <br \/>\n<\/p>\n<div>\n<p>Um eletricista ficou gravemente ferido ap\u00f3s sofrer uma forte descarga el\u00e9trica enquanto trabalhava em uma lanchonete, na manh\u00e3 desta sexta-feira (4), no bairro Alameda, em V\u00e1rzea Grande.<\/p>\n<p>De acordo com informa\u00e7\u00f5es preliminares, o trabalhador realizava um servi\u00e7o de manuten\u00e7\u00e3o no estabelecimento quando acabou atingido pela descarga.<\/p>\n<p>O choque foi t\u00e3o forte que, ap\u00f3s o acidente, o eletricista ficou desnorteado e n\u00e3o conseguia se lembrar de como havia ocorrido a descarga el\u00e9trica.<\/p>\n<div class=\"g g-90\">\n<div class=\"g-single a-66\">\n<div style=\"position: relative; width: 100%;\">\n    <!-- Banner 3 --><\/p>\n<p>    <!-- Banner 4 --><\/p>\n<div id=\"banner4\" style=\"opacity: 0; transition: opacity 1s; width: 100%;\">\n        <a class=\"gofollow\" data-track=\"NjYsOTAsMSw2MA==\" href=\"https:\/\/www.instagram.com\/cdl.roo\" target=\"_blank\" rel=\"noopener\">&#13;<br \/>\n            &#13;<br \/>\n        <\/a>\n    <\/div>\n<\/div>\n<\/div>\n<\/div>\n<p>A v\u00edtima sofreu ferimentos graves na regi\u00e3o do rosto, al\u00e9m de queimaduras em outras partes do corpo.<\/p>\n<p>Uma equipe do Servi\u00e7o de Atendimento M\u00f3vel de Urg\u00eancia (Samu) foi acionada e prestou os primeiros socorros ainda no local.<\/p>\n<p>Na sequ\u00eancia, o eletricista foi encaminhado para atendimento m\u00e9dico. At\u00e9 o momento, n\u00e3o foram divulgadas informa\u00e7\u00f5es atualizadas sobre o estado de sa\u00fade da v\u00edtima.<\/p>\n<p>V\u00eddeo:<\/p>\n<blockquote class=\"instagram-media\" data-instgrm-captioned=\"\" data-instgrm-permalink=\"https:\/\/www.instagram.com\/reel\/Dc32Kj8RLHj\/?utm_source=ig_embed&amp;utm_campaign=loading\" data-instgrm-version=\"14\" style=\" background:#FFF; border:0; border-radius:3px; box-shadow:0 0 1px 0 rgba(0,0,0,0.5),0 1px 10px 0 rgba(0,0,0,0.15); margin: 1px; max-width:540px; min-width:326px; padding:0; width:99.375%; width:-webkit-calc(100% - 2px); width:calc(100% - 2px);\"\/>\n<p><!-- H&aacute; banners, eles s&atilde;o deficientes ou nenhum qualificado para este local! -->\t\t\t\t<\/div>\n<p><script async src=\"\/\/www.instagram.com\/embed.js\"><\/script><br \/>\n<br \/><br \/>\n<br \/><a href=\"https:\/\/rgtnews.com.br\/destaque\/eletricista-sofre-forte-descarga-eletrica-e-fica-com-gravissimos-ferimentos-em-mt-video-mostra-resgate-do-samu\/?utm_source=rss&#038;utm_medium=rss&#038;utm_campaign=eletricista-sofre-forte-descarga-eletrica-e-fica-com-gravissimos-ferimentos-em-mt-video-mostra-resgate-do-samu\">Fonte da Noticia <\/a><\/p>\n","protected":false},"excerpt":{"rendered":"<p>Um eletricista ficou gravemente ferido ap\u00f3s sofrer uma forte descarga el\u00e9trica enquanto trabalhava em uma lanchonete, na manh\u00e3 desta sexta-feira (4), no bairro Alameda, em V\u00e1rzea Grande. De acordo com informa\u00e7\u00f5es preliminares, o trabalhador realizava um servi\u00e7o de manuten\u00e7\u00e3o no estabelecimento quando acabou atingido pela descarga. O choque foi t\u00e3o forte que, ap\u00f3s o acidente, [&hellip;]<\/p>\n","protected":false},"author":1,"featured_media":21538,"comment_status":"closed","ping_status":"closed","sticky":false,"template":"","format":"standard","meta":[],"categories":[1],"tags":[],"_links":{"self":[{"href":"https:\/\/ligana104.com.br\/2021\/wp-json\/wp\/v2\/posts\/21537"}],"collection":[{"href":"https:\/\/ligana104.com.br\/2021\/wp-json\/wp\/v2\/posts"}],"about":[{"href":"https:\/\/ligana104.com.br\/2021\/wp-json\/wp\/v2\/types\/post"}],"author":[{"embeddable":true,"href":"https:\/\/ligana104.com.br\/2021\/wp-json\/wp\/v2\/users\/1"}],"replies":[{"embeddable":true,"href":"https:\/\/ligana104.com.br\/2021\/wp-json\/wp\/v2\/comments?post=21537"}],"version-history":[{"count":1,"href":"https:\/\/ligana104.com.br\/2021\/wp-json\/wp\/v2\/posts\/21537\/revisions"}],"predecessor-version":[{"id":21539,"href":"https:\/\/ligana104.com.br\/2021\/wp-json\/wp\/v2\/posts\/21537\/revisions\/21539"}],"wp:featuredmedia":[{"embeddable":true,"href":"https:\/\/ligana104.com.br\/2021\/wp-json\/wp\/v2\/media\/21538"}],"wp:attachment":[{"href":"https:\/\/ligana104.com.br\/2021\/wp-json\/wp\/v2\/media?parent=21537"}],"wp:term":[{"taxonomy":"category","embeddable":true,"href":"https:\/\/ligana104.com.br\/2021\/wp-json\/wp\/v2\/categories?post=21537"},{"taxonomy":"post_tag","embeddable":true,"href":"https:\/\/ligana104.com.br\/2021\/wp-json\/wp\/v2\/tags?post=21537"}],"curies":[{"name":"wp","href":"https:\/\/api.w.org\/{rel}","templated":true}]}}