{"id":21534,"date":"2026-09-04T13:45:15","date_gmt":"2026-09-04T16:45:15","guid":{"rendered":"https:\/\/ligana104.com.br\/2021\/2026\/09\/04\/individuo-espanca-homem-ate-a-morte-e-o-deixa-com-a-cabeca-rachada-em-cidade-proxima-a-rondonopolis-imagens\/"},"modified":"2026-09-04T13:45:17","modified_gmt":"2026-09-04T16:45:17","slug":"individuo-espanca-homem-ate-a-morte-e-o-deixa-com-a-cabeca-rachada-em-cidade-proxima-a-rondonopolis-imagens","status":"publish","type":"post","link":"https:\/\/ligana104.com.br\/2021\/2026\/09\/04\/individuo-espanca-homem-ate-a-morte-e-o-deixa-com-a-cabeca-rachada-em-cidade-proxima-a-rondonopolis-imagens\/","title":{"rendered":"Indiv\u00edduo espanca homem at\u00e9 a morte e o deixa com a cabe\u00e7a \u2018rachada\u2019 em cidade pr\u00f3xima a Rondon\u00f3polis; imagens"},"content":{"rendered":"<p> <br \/>\n<\/p>\n<div>\n<p>Um homem de 26 anos foi preso preventivamente nesta sexta-feira (4), acusado de agredir e causar a morte de uma v\u00edtima de 48 anos em Alto Gar\u00e7as. O crime ocorreu no in\u00edcio de agosto deste ano.<\/p>\n<p>A investiga\u00e7\u00e3o come\u00e7ou ap\u00f3s o Hospital Municipal comunicar \u00e0 Pol\u00edcia Civil a morte da v\u00edtima, que chegou \u00e0 unidade de sa\u00fade com uma les\u00e3o na cabe\u00e7a. Diante da falta de informa\u00e7\u00f5es sobre o ocorrido, a pol\u00edcia registrou inicialmente o caso como morte a esclarecer.<\/p>\n<p>Durante as dilig\u00eancias, os investigadores ouviram familiares, vizinhos, profissionais de sa\u00fade e outras pessoas que mantinham contato com os envolvidos. Um dos depoimentos revelou que o suspeito teria contado que deu socos na cabe\u00e7a e chutes na v\u00edtima ap\u00f3s um desentendimento.<\/p>\n<div class=\"g g-90\">\n<div class=\"g-single a-66\">\n<div style=\"position: relative; width: 100%;\">\n    <!-- Banner 3 --><\/p>\n<p>    <!-- Banner 4 --><\/p>\n<div id=\"banner4\" style=\"opacity: 0; transition: opacity 1s; width: 100%;\">\n        <a class=\"gofollow\" data-track=\"NjYsOTAsMSw2MA==\" href=\"https:\/\/www.instagram.com\/cdl.roo\" target=\"_blank\" rel=\"noopener\">&#13;<br \/>\n            &#13;<br \/>\n        <\/a>\n    <\/div>\n<\/div>\n<\/div>\n<\/div>\n<p>O laudo necrosc\u00f3pico confirmou uma grave les\u00e3o na cabe\u00e7a, com fratura e hematoma. A per\u00edcia apontou o traumatismo cranioencef\u00e1lico, compat\u00edvel com agress\u00e3o f\u00edsica, como causa da morte.<\/p>\n<p>Com os elementos reunidos, a Pol\u00edcia Civil solicitou a pris\u00e3o preventiva do investigado. A Vara \u00danica da Comarca de Alto Gar\u00e7as expediu a ordem judicial, cumprida pelos policiais nesta sexta-feira.<\/p>\n<p>O homem permanece \u00e0 disposi\u00e7\u00e3o da Justi\u00e7a. A Pol\u00edcia Civil continua investigando o caso para esclarecer completamente a din\u00e2mica e as circunst\u00e2ncias da morte.<\/p>\n<p>Imagens:<\/p>\n<figure class=\"wp-block-gallery has-nested-images columns-default is-cropped wp-block-gallery-1 is-layout-flex wp-block-gallery-is-layout-flex\">\n<figure class=\"wp-block-image size-large\"><img loading=\"lazy\" fetchpriority=\"high\" decoding=\"async\" width=\"579\" height=\"1024\" data-id=\"81341\" src=\"https:\/\/rgtnews.com.br\/wp-content\/uploads\/2026\/09\/1f28419f-a7c3-43bd-8527-7ac76b997af7-579x1024.jpeg\" alt=\"\" class=\"wp-image-81341\" srcset=\"https:\/\/rgtnews.com.br\/wp-content\/uploads\/2026\/09\/1f28419f-a7c3-43bd-8527-7ac76b997af7-579x1024.jpeg 579w, https:\/\/rgtnews.com.br\/wp-content\/uploads\/2026\/09\/1f28419f-a7c3-43bd-8527-7ac76b997af7-170x300.jpeg 170w, https:\/\/rgtnews.com.br\/wp-content\/uploads\/2026\/09\/1f28419f-a7c3-43bd-8527-7ac76b997af7.jpeg 720w\" sizes=\"(max-width: 579px) 100vw, 579px\"\/><\/figure>\n<figure class=\"wp-block-image size-large\"><img loading=\"lazy\" decoding=\"async\" width=\"769\" height=\"1024\" data-id=\"81340\" src=\"https:\/\/rgtnews.com.br\/wp-content\/uploads\/2026\/09\/2b37622c-2e97-4daf-b839-48836cef605f-769x1024.jpeg\" alt=\"\" class=\"wp-image-81340\" srcset=\"https:\/\/rgtnews.com.br\/wp-content\/uploads\/2026\/09\/2b37622c-2e97-4daf-b839-48836cef605f-769x1024.jpeg 769w, https:\/\/rgtnews.com.br\/wp-content\/uploads\/2026\/09\/2b37622c-2e97-4daf-b839-48836cef605f-225x300.jpeg 225w, https:\/\/rgtnews.com.br\/wp-content\/uploads\/2026\/09\/2b37622c-2e97-4daf-b839-48836cef605f-768x1023.jpeg 768w, https:\/\/rgtnews.com.br\/wp-content\/uploads\/2026\/09\/2b37622c-2e97-4daf-b839-48836cef605f-1153x1536.jpeg 1153w, https:\/\/rgtnews.com.br\/wp-content\/uploads\/2026\/09\/2b37622c-2e97-4daf-b839-48836cef605f.jpeg 1201w\" sizes=\"(max-width: 769px) 100vw, 769px\"\/><\/figure>\n<\/figure>\n<p><!-- H&aacute; banners, eles s&atilde;o deficientes ou nenhum qualificado para este local! --><\/p>\n<\/p><\/div>\n<p><script async src=\"\/\/www.instagram.com\/embed.js\"><\/script><br \/>\n<br \/><br \/>\n<br \/><a href=\"https:\/\/rgtnews.com.br\/noticias\/policia\/individuo-espanca-homem-ate-a-morte-e-o-deixa-com-a-cabeca-rachada-em-cidade-proxima-a-rondonopolis-imagens\/?utm_source=rss&#038;utm_medium=rss&#038;utm_campaign=individuo-espanca-homem-ate-a-morte-e-o-deixa-com-a-cabeca-rachada-em-cidade-proxima-a-rondonopolis-imagens\">Fonte da Noticia <\/a><\/p>\n","protected":false},"excerpt":{"rendered":"<p>Um homem de 26 anos foi preso preventivamente nesta sexta-feira (4), acusado de agredir e causar a morte de uma v\u00edtima de 48 anos em Alto Gar\u00e7as. O crime ocorreu no in\u00edcio de agosto deste ano. A investiga\u00e7\u00e3o come\u00e7ou ap\u00f3s o Hospital Municipal comunicar \u00e0 Pol\u00edcia Civil a morte da v\u00edtima, que chegou \u00e0 unidade [&hellip;]<\/p>\n","protected":false},"author":1,"featured_media":21535,"comment_status":"closed","ping_status":"closed","sticky":false,"template":"","format":"standard","meta":[],"categories":[1],"tags":[],"_links":{"self":[{"href":"https:\/\/ligana104.com.br\/2021\/wp-json\/wp\/v2\/posts\/21534"}],"collection":[{"href":"https:\/\/ligana104.com.br\/2021\/wp-json\/wp\/v2\/posts"}],"about":[{"href":"https:\/\/ligana104.com.br\/2021\/wp-json\/wp\/v2\/types\/post"}],"author":[{"embeddable":true,"href":"https:\/\/ligana104.com.br\/2021\/wp-json\/wp\/v2\/users\/1"}],"replies":[{"embeddable":true,"href":"https:\/\/ligana104.com.br\/2021\/wp-json\/wp\/v2\/comments?post=21534"}],"version-history":[{"count":1,"href":"https:\/\/ligana104.com.br\/2021\/wp-json\/wp\/v2\/posts\/21534\/revisions"}],"predecessor-version":[{"id":21536,"href":"https:\/\/ligana104.com.br\/2021\/wp-json\/wp\/v2\/posts\/21534\/revisions\/21536"}],"wp:featuredmedia":[{"embeddable":true,"href":"https:\/\/ligana104.com.br\/2021\/wp-json\/wp\/v2\/media\/21535"}],"wp:attachment":[{"href":"https:\/\/ligana104.com.br\/2021\/wp-json\/wp\/v2\/media?parent=21534"}],"wp:term":[{"taxonomy":"category","embeddable":true,"href":"https:\/\/ligana104.com.br\/2021\/wp-json\/wp\/v2\/categories?post=21534"},{"taxonomy":"post_tag","embeddable":true,"href":"https:\/\/ligana104.com.br\/2021\/wp-json\/wp\/v2\/tags?post=21534"}],"curies":[{"name":"wp","href":"https:\/\/api.w.org\/{rel}","templated":true}]}}