{"id":21531,"date":"2026-09-04T12:40:33","date_gmt":"2026-09-04T15:40:33","guid":{"rendered":"https:\/\/ligana104.com.br\/2021\/2026\/09\/04\/homem-e-preso-apos-ataque-brutal-deixar-vitima-em-estado-grave-no-hospital-regional-de-rondonopolis-video\/"},"modified":"2026-09-04T12:40:34","modified_gmt":"2026-09-04T15:40:34","slug":"homem-e-preso-apos-ataque-brutal-deixar-vitima-em-estado-grave-no-hospital-regional-de-rondonopolis-video","status":"publish","type":"post","link":"https:\/\/ligana104.com.br\/2021\/2026\/09\/04\/homem-e-preso-apos-ataque-brutal-deixar-vitima-em-estado-grave-no-hospital-regional-de-rondonopolis-video\/","title":{"rendered":"Homem \u00e9 preso ap\u00f3s ataque brutal deixar v\u00edtima em estado grave no Hospital Regional de Rondon\u00f3polis; v\u00eddeo"},"content":{"rendered":"<p> <br \/>\n<\/p>\n<div>\n<p>A Pol\u00edcia Civil, por meio da Delegacia de Pedra Preta, prendeu em flagrante nesta quinta feira (03\/09), um homem de 35 anos, investigado por envolvimento em uma tentativa de homic\u00eddio ocorrida na noite de 2 de setembro de 2026, no munic\u00edpio. A v\u00edtima brutalmente ataca acabou transferida para o Hospital Regional de Rondon\u00f3polis, em raz\u00e3o da gravidade dos ferimentos.<\/p>\n<p>Conforme apurado inicialmente, a v\u00edtima teria sido surpreendida por dois homens, que invadiram a resid\u00eancia e passaram a golpe\u00e1-la com um fac\u00e3o. O homem sofreu cortes no rosto e na cabe\u00e7a, fratura e ferimento no punho esquerdo, al\u00e9m de les\u00f5es na regi\u00e3o da boca e dentes quebrados.<\/p>\n<p>A v\u00edtima relatou aos policiais que havia realizado um trabalho juntamente com os dois suspeitos, que conhecia apenas pelos apelidos. Segundo o relato, os investigados teriam desconfiado que ele havia recebido o pagamento pelo servi\u00e7o e n\u00e3o teria repassado a quantia a eles.<\/p>\n<div class=\"g g-90\">\n<div class=\"g-single a-66\">\n<div style=\"position: relative; width: 100%;\">\n    <!-- Banner 3 --><\/p>\n<p>    <!-- Banner 4 --><\/p>\n<div id=\"banner4\" style=\"opacity: 0; transition: opacity 1s; width: 100%;\">\n        <a class=\"gofollow\" data-track=\"NjYsOTAsMSw2MA==\" href=\"https:\/\/www.instagram.com\/cdl.roo\" target=\"_blank\" rel=\"noopener\">&#13;<br \/>\n            &#13;<br \/>\n        <\/a>\n    <\/div>\n<\/div>\n<\/div>\n<\/div>\n<p>Ap\u00f3s o ataque, os suspeitos fugiram do local. A v\u00edtima foi encaminhada inicialmente ao Hospital Municipal de Pedra Preta e, posteriormente, transferida para o Hospital Regional de Rondon\u00f3polis, em raz\u00e3o da gravidade dos ferimentos.<\/p>\n<p>V\u00eddeo mostra pris\u00e3o:<\/p>\n<figure class=\"wp-block-video\"><video height=\"1024\" style=\"aspect-ratio: 576 \/ 1024;\" width=\"576\" controls=\"\" src=\"https:\/\/rgtnews.com.br\/wp-content\/uploads\/2026\/09\/345a4a86-b880-4061-ae2c-8b0954cfcd20.mp4\"\/><\/figure>\n<\/p>\n<h2 class=\"wp-block-heading\">Investiga\u00e7\u00e3o<\/h2>\n<p>Ap\u00f3s tomar conhecimento dos fatos, a equipe da Delegacia de Pedra Preta iniciou imediatamente as dilig\u00eancias para esclarecer a ocorr\u00eancia e identificar os respons\u00e1veis.<\/p>\n<p>Durante o trabalho investigativo, os policiais realizaram levantamentos de informa\u00e7\u00f5es e dilig\u00eancias que permitiram identificar e qualificar dois suspeitos, de 29 e 35 anos.<\/p>\n<p>Com o avan\u00e7o das investiga\u00e7\u00f5es, um dos suspeitos, de 35 anos, foi localizado no bairro Jardim Natureza. Ele foi abordado pelos policiais e conduzido \u00e0 Delegacia de Pol\u00edcia de Pedra Preta, onde foi colocado \u00e0 disposi\u00e7\u00e3o da autoridade policial.<\/p>\n<p>As dilig\u00eancias prosseguem para localizar o segundo envolvido e esclarecer integralmente as circunst\u00e2ncias e a motiva\u00e7\u00e3o da tentativa de homic\u00eddio.<br \/>\n<!-- H&aacute; banners, eles s&atilde;o deficientes ou nenhum qualificado para este local! --><\/p>\n<\/p><\/div>\n<p><script async src=\"\/\/www.instagram.com\/embed.js\"><\/script><br \/>\n<br \/><br \/>\n<br \/><a href=\"https:\/\/rgtnews.com.br\/destaque\/homem-e-preso-apos-ataque-brutal-deixar-vitima-em-estado-grave-no-hospital-regional-de-rondonopolis-video\/?utm_source=rss&#038;utm_medium=rss&#038;utm_campaign=homem-e-preso-apos-ataque-brutal-deixar-vitima-em-estado-grave-no-hospital-regional-de-rondonopolis-video\">Fonte da Noticia <\/a><\/p>\n","protected":false},"excerpt":{"rendered":"<p>A Pol\u00edcia Civil, por meio da Delegacia de Pedra Preta, prendeu em flagrante nesta quinta feira (03\/09), um homem de 35 anos, investigado por envolvimento em uma tentativa de homic\u00eddio ocorrida na noite de 2 de setembro de 2026, no munic\u00edpio. A v\u00edtima brutalmente ataca acabou transferida para o Hospital Regional de Rondon\u00f3polis, em raz\u00e3o [&hellip;]<\/p>\n","protected":false},"author":1,"featured_media":21532,"comment_status":"closed","ping_status":"closed","sticky":false,"template":"","format":"standard","meta":[],"categories":[1],"tags":[],"_links":{"self":[{"href":"https:\/\/ligana104.com.br\/2021\/wp-json\/wp\/v2\/posts\/21531"}],"collection":[{"href":"https:\/\/ligana104.com.br\/2021\/wp-json\/wp\/v2\/posts"}],"about":[{"href":"https:\/\/ligana104.com.br\/2021\/wp-json\/wp\/v2\/types\/post"}],"author":[{"embeddable":true,"href":"https:\/\/ligana104.com.br\/2021\/wp-json\/wp\/v2\/users\/1"}],"replies":[{"embeddable":true,"href":"https:\/\/ligana104.com.br\/2021\/wp-json\/wp\/v2\/comments?post=21531"}],"version-history":[{"count":1,"href":"https:\/\/ligana104.com.br\/2021\/wp-json\/wp\/v2\/posts\/21531\/revisions"}],"predecessor-version":[{"id":21533,"href":"https:\/\/ligana104.com.br\/2021\/wp-json\/wp\/v2\/posts\/21531\/revisions\/21533"}],"wp:featuredmedia":[{"embeddable":true,"href":"https:\/\/ligana104.com.br\/2021\/wp-json\/wp\/v2\/media\/21532"}],"wp:attachment":[{"href":"https:\/\/ligana104.com.br\/2021\/wp-json\/wp\/v2\/media?parent=21531"}],"wp:term":[{"taxonomy":"category","embeddable":true,"href":"https:\/\/ligana104.com.br\/2021\/wp-json\/wp\/v2\/categories?post=21531"},{"taxonomy":"post_tag","embeddable":true,"href":"https:\/\/ligana104.com.br\/2021\/wp-json\/wp\/v2\/tags?post=21531"}],"curies":[{"name":"wp","href":"https:\/\/api.w.org\/{rel}","templated":true}]}}