{"id":21528,"date":"2026-09-04T11:35:18","date_gmt":"2026-09-04T14:35:18","guid":{"rendered":"https:\/\/ligana104.com.br\/2021\/2026\/09\/04\/ministro-fachin-contraria-moraes-e-retira-de-suas-maos-caso-contra-andre-mendonca\/"},"modified":"2026-09-04T11:35:20","modified_gmt":"2026-09-04T14:35:20","slug":"ministro-fachin-contraria-moraes-e-retira-de-suas-maos-caso-contra-andre-mendonca","status":"publish","type":"post","link":"https:\/\/ligana104.com.br\/2021\/2026\/09\/04\/ministro-fachin-contraria-moraes-e-retira-de-suas-maos-caso-contra-andre-mendonca\/","title":{"rendered":"Ministro Fachin contraria Moraes e retira de suas m\u00e3os caso contra Andr\u00e9 Mendon\u00e7a"},"content":{"rendered":"<p> <br \/>\n<\/p>\n<div>\n<p>O presidente do Supremo Tribunal Federal STF, ministro Edson Fachin, decidiu retirar do inqu\u00e9rito das fake news, nesta sexta-feira (4), o pedido de investiga\u00e7\u00e3o apresentado por Alexandre de Moraes contra o ministro Andr\u00e9 Mendon\u00e7a.<\/p>\n<p>O pedido de Moraes, protocolado na quinta (3), acusa Mendon\u00e7a de abuso de autoridade, improbidade administrativa e crime de responsabilidade na relatoria dos casos do Banco Master e do INSS. A ofensiva ocorreu depois que Mendon\u00e7a tirou o sigilo de mensagens do ex-dono do Master, Daniel Vorcaro, enviadas a Moraes \u2014 epis\u00f3dio que aprofundou a crise interna no Supremo.<\/p>\n<p>Fachin transferiu o material para o processo que ele pr\u00f3prio j\u00e1 havia aberto sobre o relat\u00f3rio da Pol\u00edcia Federal a respeito dessas mensagens. No despacho, afirmou que precisa verificar se o procedimento adotado por Moraes \u00e9 regular antes de analisar as acusa\u00e7\u00f5es contra o colega.<\/p>\n<div class=\"g g-90\">\n<div class=\"g-single a-66\">\n<div style=\"position: relative; width: 100%;\">\n    <!-- Banner 3 --><\/p>\n<p>    <!-- Banner 4 --><\/p>\n<div id=\"banner4\" style=\"opacity: 0; transition: opacity 1s; width: 100%;\">\n        <a class=\"gofollow\" data-track=\"NjYsOTAsMSw2MA==\" href=\"https:\/\/www.instagram.com\/cdl.roo\" target=\"_blank\" rel=\"noopener\">&#13;<br \/>\n            &#13;<br \/>\n        <\/a>\n    <\/div>\n<\/div>\n<\/div>\n<\/div>\n<p>O presidente da Corte deu cinco dias \u00fateis para a PGR se manifestar sobre a admissibilidade e a regularidade do pedido. Depois disso, Mendon\u00e7a tamb\u00e9m ter\u00e1 cinco dias para se pronunciar, se quiser. Fachin ressaltou que essas medidas servem apenas para instruir o processo e n\u00e3o antecipam ju\u00edzo sobre o m\u00e9rito.<\/p>\n<p>Com isso, o caso sai das m\u00e3os de Moraes, relator do inqu\u00e9rito das fake news, e passa a tramitar sob a Presid\u00eancia do STF.<br \/>\n<!-- H&aacute; banners, eles s&atilde;o deficientes ou nenhum qualificado para este local! --><\/p>\n<\/p><\/div>\n<p><script async src=\"\/\/www.instagram.com\/embed.js\"><\/script><br \/>\n<br \/><br \/>\n<br \/><a href=\"https:\/\/rgtnews.com.br\/noticias\/politica\/ministro-fachin-contraria-moraes-e-retira-de-suas-maos-caso-contra-andre-mendonca\/?utm_source=rss&#038;utm_medium=rss&#038;utm_campaign=ministro-fachin-contraria-moraes-e-retira-de-suas-maos-caso-contra-andre-mendonca\">Fonte da Noticia <\/a><\/p>\n","protected":false},"excerpt":{"rendered":"<p>O presidente do Supremo Tribunal Federal STF, ministro Edson Fachin, decidiu retirar do inqu\u00e9rito das fake news, nesta sexta-feira (4), o pedido de investiga\u00e7\u00e3o apresentado por Alexandre de Moraes contra o ministro Andr\u00e9 Mendon\u00e7a. O pedido de Moraes, protocolado na quinta (3), acusa Mendon\u00e7a de abuso de autoridade, improbidade administrativa e crime de responsabilidade na [&hellip;]<\/p>\n","protected":false},"author":1,"featured_media":21529,"comment_status":"closed","ping_status":"closed","sticky":false,"template":"","format":"standard","meta":[],"categories":[1],"tags":[],"_links":{"self":[{"href":"https:\/\/ligana104.com.br\/2021\/wp-json\/wp\/v2\/posts\/21528"}],"collection":[{"href":"https:\/\/ligana104.com.br\/2021\/wp-json\/wp\/v2\/posts"}],"about":[{"href":"https:\/\/ligana104.com.br\/2021\/wp-json\/wp\/v2\/types\/post"}],"author":[{"embeddable":true,"href":"https:\/\/ligana104.com.br\/2021\/wp-json\/wp\/v2\/users\/1"}],"replies":[{"embeddable":true,"href":"https:\/\/ligana104.com.br\/2021\/wp-json\/wp\/v2\/comments?post=21528"}],"version-history":[{"count":1,"href":"https:\/\/ligana104.com.br\/2021\/wp-json\/wp\/v2\/posts\/21528\/revisions"}],"predecessor-version":[{"id":21530,"href":"https:\/\/ligana104.com.br\/2021\/wp-json\/wp\/v2\/posts\/21528\/revisions\/21530"}],"wp:featuredmedia":[{"embeddable":true,"href":"https:\/\/ligana104.com.br\/2021\/wp-json\/wp\/v2\/media\/21529"}],"wp:attachment":[{"href":"https:\/\/ligana104.com.br\/2021\/wp-json\/wp\/v2\/media?parent=21528"}],"wp:term":[{"taxonomy":"category","embeddable":true,"href":"https:\/\/ligana104.com.br\/2021\/wp-json\/wp\/v2\/categories?post=21528"},{"taxonomy":"post_tag","embeddable":true,"href":"https:\/\/ligana104.com.br\/2021\/wp-json\/wp\/v2\/tags?post=21528"}],"curies":[{"name":"wp","href":"https:\/\/api.w.org\/{rel}","templated":true}]}}