{"id":21525,"date":"2026-09-04T10:30:16","date_gmt":"2026-09-04T13:30:16","guid":{"rendered":"https:\/\/ligana104.com.br\/2021\/2026\/09\/04\/deputado-federal-rodrigo-da-zaeli-inaugura-comite-em-rondonopolis-com-a-presenca-de-liderancas-e-apoiadores\/"},"modified":"2026-09-04T10:30:18","modified_gmt":"2026-09-04T13:30:18","slug":"deputado-federal-rodrigo-da-zaeli-inaugura-comite-em-rondonopolis-com-a-presenca-de-liderancas-e-apoiadores","status":"publish","type":"post","link":"https:\/\/ligana104.com.br\/2021\/2026\/09\/04\/deputado-federal-rodrigo-da-zaeli-inaugura-comite-em-rondonopolis-com-a-presenca-de-liderancas-e-apoiadores\/","title":{"rendered":"Deputado federal Rodrigo da Zaeli inaugura comit\u00ea em Rondon\u00f3polis com a presen\u00e7a de lideran\u00e7as e apoiadores"},"content":{"rendered":"<p> <br \/>\n<\/p>\n<div>\n<p>Na noite desta quinta-feira (03), o deputado federal Rodrigo da Zaeli (PL) realizou a inaugura\u00e7\u00e3o do comit\u00ea central de sua campanha \u00e0 reelei\u00e7\u00e3o \u00e0 C\u00e2mara Federal, localizado \u00e0s margens da Avenida dos Estudantes, no bairro Nova Colina. O evento contou com a participa\u00e7\u00e3o de lideran\u00e7as pol\u00edticas do Partido Liberal e de siglas que comp\u00f5em a coliga\u00e7\u00e3o Cora\u00e7\u00e3o da Gente, al\u00e9m de apoiadores e simpatizantes.<\/p>\n<p>Em sua fala, Rodrigo da Zaeli fez quest\u00e3o de enfatizar que vit\u00f3rias eleitorais decorrem do trabalho em equipe, da uni\u00e3o do grupo e do apoio popular em prol de um projeto pol\u00edtico, e n\u00e3o do esfor\u00e7o de uma \u00fanica lideran\u00e7a. Criticou a atual conjuntura pol\u00edtica, repudiou epis\u00f3dios de corrup\u00e7\u00e3o e aparelhamento estatal, e defendeu a renova\u00e7\u00e3o dos quadros p\u00fablicos. Zaeli tamb\u00e9m apresentou uma breve presta\u00e7\u00e3o de contas de seu mandato, com a\u00e7\u00f5es e destina\u00e7\u00e3o de recursos: \u201cNeste um ano e meio como deputado federal, realizamos visitas a 107 munic\u00edpios mato-grossenses, participamos ativamente das comiss\u00f5es em Bras\u00edlia e promovemos a destina\u00e7\u00e3o de R$ 33 milh\u00f5es em emendas para Rondon\u00f3polis, sendo R$ 25 milh\u00f5es para a constru\u00e7\u00e3o de duas pontes e R$ 8 milh\u00f5es para a sa\u00fade\u201d, pontuou.<\/p>\n<p>Por fim, o parlamentar pediu aos presentes apoio \u00e0 chapa com Fl\u00e1vio Bolsonaro (22) para a Presid\u00eancia, Jos\u00e9 Medeiros (222) e Jana\u00edna Riva (150) para o Senado, deputados estaduais da regi\u00e3o para a Assembleia Legislativa, e Wellington Fagundes e Reinaldo Moraes para o governo de Mato Grosso.<\/p>\n<div class=\"g g-90\">\n<div class=\"g-single a-66\">\n<div style=\"position: relative; width: 100%;\">\n    <!-- Banner 3 --><\/p>\n<p>    <!-- Banner 4 --><\/p>\n<div id=\"banner4\" style=\"opacity: 0; transition: opacity 1s; width: 100%;\">\n        <a class=\"gofollow\" data-track=\"NjYsOTAsMSw2MA==\" href=\"https:\/\/www.instagram.com\/cdl.roo\" target=\"_blank\" rel=\"noopener\">&#13;<br \/>\n            &#13;<br \/>\n        <\/a>\n    <\/div>\n<\/div>\n<\/div>\n<\/div>\n<p>O senador e candidato ao governo de Mato Grosso, Wellington Fagundes (PL), exaltou as qualidades e a atua\u00e7\u00e3o parlamentar de Rodrigo da Zaeli: \u201cO Zaeli \u00e9 competente, trabalhador. O que o credencia para ser o nosso deputado federal \u00e9 o trabalho que ele j\u00e1 prestou e de que a nossa regi\u00e3o Sudeste e Mato Grosso precisam. Quem tem compet\u00eancia, trabalho e experi\u00eancia conhece Bras\u00edlia para me ajudar a fazer um grande governo\u201d, disse.<\/p>\n<p>Na mesma linha, o presidente estadual do PL, Ananias Filho, destacou os valores e as bandeiras defendidas em Bras\u00edlia por Zaeli: \u201cRespeito, fam\u00edlia, liberdade. Defender realmente todos os direitos do cidad\u00e3o de bem contra todo esse desmando dessa Justi\u00e7a, esse STF. O Rodrigo fez em menos de dois anos tudo o que n\u00f3s precisamos de um bom deputado: votou com a direita, defendeu a fam\u00edlia, defendeu as causas do autista e, principalmente, teve coragem de enfrentar o sistema nefasto que est\u00e1 a\u00ed, dessa pol\u00edtica implementada principalmente pelo Judici\u00e1rio\u201d, afirmou.<\/p>\n<p>O colega de parlamento federal e candidato ao Senado, Jos\u00e9 Medeiros (PL), ressaltou que Zaeli n\u00e3o sentiu o peso da responsabilidade ao assumir uma cadeira na C\u00e2mara Federal e mostrou servi\u00e7o em prol de Mato Grosso: \u201cO cara que chegou a Bras\u00edlia, a camisa n\u00e3o pesou e, olha, foi uma grata revela\u00e7\u00e3o. Zaeli j\u00e1 est\u00e1 no meio de todo mundo l\u00e1, na boca de todos os bolsonaristas e dos deputados. Ficamos muito admirados com a compet\u00eancia, com o que ele defendeu, n\u00e3o s\u00f3 as pautas nacionais como o nosso estado de Mato Grosso\u201d, destacou.<\/p>\n<p>J\u00e1 o candidato a vice-governador, Reinaldo Moraes, elogiou a conduta de Rodrigo no desempenho de suas fun\u00e7\u00f5es legislativas: \u201cA gente v\u00ea que ele \u00e9 uma pessoa diferenciada, algu\u00e9m que tem prazer em trabalhar e ajudar a popula\u00e7\u00e3o como um todo, e n\u00e3o apenas uma regi\u00e3o. O Rodrigo tem apenas um ano e meio de mandato e visitou praticamente todos os munic\u00edpios de Mato Grosso para ouvir a popula\u00e7\u00e3o, entender as reais necessidades e defender o nosso estado\u201d, concluiu.<\/p>\n<p>Tamb\u00e9m estiveram presentes no evento os vereadores Ibrahim Zaher e Dr Jos\u00e9 Felipe Horta. Os candidatos para vaga de deputado estadual, vereadora Luciana Horta, Neles Farias e Jos\u00e9 Marcio Guedes.\u00a0\u00a0<br \/>\n<!-- H&aacute; banners, eles s&atilde;o deficientes ou nenhum qualificado para este local! --><\/p>\n<\/p><\/div>\n<p><script async src=\"\/\/www.instagram.com\/embed.js\"><\/script><br \/>\n<br \/><br \/>\n<br \/><a href=\"https:\/\/rgtnews.com.br\/noticias\/politica\/deputado-federal-rodrigo-da-zaeli-inaugura-comite-em-rondonopolis-com-a-presenca-de-liderancas-e-apoiadores\/?utm_source=rss&#038;utm_medium=rss&#038;utm_campaign=deputado-federal-rodrigo-da-zaeli-inaugura-comite-em-rondonopolis-com-a-presenca-de-liderancas-e-apoiadores\">Fonte da Noticia <\/a><\/p>\n","protected":false},"excerpt":{"rendered":"<p>Na noite desta quinta-feira (03), o deputado federal Rodrigo da Zaeli (PL) realizou a inaugura\u00e7\u00e3o do comit\u00ea central de sua campanha \u00e0 reelei\u00e7\u00e3o \u00e0 C\u00e2mara Federal, localizado \u00e0s margens da Avenida dos Estudantes, no bairro Nova Colina. O evento contou com a participa\u00e7\u00e3o de lideran\u00e7as pol\u00edticas do Partido Liberal e de siglas que comp\u00f5em a [&hellip;]<\/p>\n","protected":false},"author":1,"featured_media":21526,"comment_status":"closed","ping_status":"closed","sticky":false,"template":"","format":"standard","meta":[],"categories":[1],"tags":[],"_links":{"self":[{"href":"https:\/\/ligana104.com.br\/2021\/wp-json\/wp\/v2\/posts\/21525"}],"collection":[{"href":"https:\/\/ligana104.com.br\/2021\/wp-json\/wp\/v2\/posts"}],"about":[{"href":"https:\/\/ligana104.com.br\/2021\/wp-json\/wp\/v2\/types\/post"}],"author":[{"embeddable":true,"href":"https:\/\/ligana104.com.br\/2021\/wp-json\/wp\/v2\/users\/1"}],"replies":[{"embeddable":true,"href":"https:\/\/ligana104.com.br\/2021\/wp-json\/wp\/v2\/comments?post=21525"}],"version-history":[{"count":1,"href":"https:\/\/ligana104.com.br\/2021\/wp-json\/wp\/v2\/posts\/21525\/revisions"}],"predecessor-version":[{"id":21527,"href":"https:\/\/ligana104.com.br\/2021\/wp-json\/wp\/v2\/posts\/21525\/revisions\/21527"}],"wp:featuredmedia":[{"embeddable":true,"href":"https:\/\/ligana104.com.br\/2021\/wp-json\/wp\/v2\/media\/21526"}],"wp:attachment":[{"href":"https:\/\/ligana104.com.br\/2021\/wp-json\/wp\/v2\/media?parent=21525"}],"wp:term":[{"taxonomy":"category","embeddable":true,"href":"https:\/\/ligana104.com.br\/2021\/wp-json\/wp\/v2\/categories?post=21525"},{"taxonomy":"post_tag","embeddable":true,"href":"https:\/\/ligana104.com.br\/2021\/wp-json\/wp\/v2\/tags?post=21525"}],"curies":[{"name":"wp","href":"https:\/\/api.w.org\/{rel}","templated":true}]}}