{"id":21516,"date":"2026-09-03T21:30:27","date_gmt":"2026-09-04T00:30:27","guid":{"rendered":"https:\/\/ligana104.com.br\/2021\/2026\/09\/03\/imagem-fortissima-mostra-rondonopolitano-envolvido-em-rolos-de-gado-morto-a-tiros-na-zona-rural\/"},"modified":"2026-09-03T21:30:28","modified_gmt":"2026-09-04T00:30:28","slug":"imagem-fortissima-mostra-rondonopolitano-envolvido-em-rolos-de-gado-morto-a-tiros-na-zona-rural","status":"publish","type":"post","link":"https:\/\/ligana104.com.br\/2021\/2026\/09\/03\/imagem-fortissima-mostra-rondonopolitano-envolvido-em-rolos-de-gado-morto-a-tiros-na-zona-rural\/","title":{"rendered":"Imagem fort\u00edssima mostra rondonopolitano envolvido em \u2018rolos\u2019 de gado morto a tiros na zona rural"},"content":{"rendered":"<p> <br \/>\n<\/p>\n<div>\n<p>Uma imagem forte mostra o rondonopolitano Elias Fernandes Guimar\u00e3es, de 47 anos, morto e com diversas marcas de disparos pelo corpo. O homic\u00eddio ocorreu na manh\u00e3 desta quinta-feira (3), em uma resid\u00eancia na zona rural de Juscimeira.<\/p>\n<p>O corpo da v\u00edtima ficou ca\u00eddo nos fundos do im\u00f3vel, atr\u00e1s de um pequeno muro. O local fica nas proximidades da Fazenda Escola Flor de L\u00f3tus, da Eduvale.<\/p>\n<p>Por volta das 7h30, uma equipe do Servi\u00e7o de Atendimento M\u00f3vel de Urg\u00eancia (Samu) solicitou apoio da Pol\u00edcia Militar. Ao chegarem ao endere\u00e7o, os policiais receberam a informa\u00e7\u00e3o de que Elias j\u00e1 estava sem vida.<\/p>\n<div class=\"g g-90\">\n<div class=\"g-single a-66\">\n<div style=\"position: relative; width: 100%;\">\n    <!-- Banner 3 --><\/p>\n<p>    <!-- Banner 4 --><\/p>\n<div id=\"banner4\" style=\"opacity: 0; transition: opacity 1s; width: 100%;\">\n        <a class=\"gofollow\" data-track=\"NjYsOTAsMSw2MA==\" href=\"https:\/\/www.instagram.com\/cdl.roo\" target=\"_blank\" rel=\"noopener\">&#13;<br \/>\n            &#13;<br \/>\n        <\/a>\n    <\/div>\n<\/div>\n<\/div>\n<\/div>\n<p>A PM isolou e preservou a \u00e1rea para os trabalhos da Pol\u00edcia Civil e da Per\u00edcia Oficial e Identifica\u00e7\u00e3o T\u00e9cnica (Politec).<\/p>\n<p>At\u00e9 o momento, ningu\u00e9m informou quem efetuou os disparos nem o que teria motivado o crime. A Pol\u00edcia Civil investiga o homic\u00eddio.<\/p>\n<p>Conforme o hist\u00f3rico policial informado, Elias figurava como suspeito em ocorr\u00eancias relacionadas a furto de gado, estelionato, amea\u00e7a e recepta\u00e7\u00e3o entre 2020 e 2026.<\/p>\n<p><figure class=\"wp-block-image size-large\"><img loading=\"lazy\" fetchpriority=\"high\" decoding=\"async\" width=\"1024\" height=\"769\" src=\"https:\/\/rgtnews.com.br\/wp-content\/uploads\/2026\/09\/photo-output-13-1024x769.jpeg\" alt=\"\" class=\"wp-image-81299\" srcset=\"https:\/\/rgtnews.com.br\/wp-content\/uploads\/2026\/09\/photo-output-13-1024x769.jpeg 1024w, https:\/\/rgtnews.com.br\/wp-content\/uploads\/2026\/09\/photo-output-13-300x225.jpeg 300w, https:\/\/rgtnews.com.br\/wp-content\/uploads\/2026\/09\/photo-output-13-768x577.jpeg 768w, https:\/\/rgtnews.com.br\/wp-content\/uploads\/2026\/09\/photo-output-13-1536x1154.jpeg 1536w, https:\/\/rgtnews.com.br\/wp-content\/uploads\/2026\/09\/photo-output-13.jpeg 2048w\" sizes=\"(max-width: 1024px) 100vw, 1024px\"\/><\/figure>\n<\/p><\/div>\n<p><script async src=\"\/\/www.instagram.com\/embed.js\"><\/script><br \/>\n<br \/><br \/>\n<br \/><a href=\"https:\/\/rgtnews.com.br\/destaque\/imagem-fortissima-mostra-rondonopolitano-envolvido-em-rolos-de-gado-morto-a-tiros-na-zona-rural\/?utm_source=rss&#038;utm_medium=rss&#038;utm_campaign=imagem-fortissima-mostra-rondonopolitano-envolvido-em-rolos-de-gado-morto-a-tiros-na-zona-rural\">Fonte da Noticia <\/a><\/p>\n","protected":false},"excerpt":{"rendered":"<p>Uma imagem forte mostra o rondonopolitano Elias Fernandes Guimar\u00e3es, de 47 anos, morto e com diversas marcas de disparos pelo corpo. O homic\u00eddio ocorreu na manh\u00e3 desta quinta-feira (3), em uma resid\u00eancia na zona rural de Juscimeira. O corpo da v\u00edtima ficou ca\u00eddo nos fundos do im\u00f3vel, atr\u00e1s de um pequeno muro. O local fica [&hellip;]<\/p>\n","protected":false},"author":1,"featured_media":21517,"comment_status":"closed","ping_status":"closed","sticky":false,"template":"","format":"standard","meta":[],"categories":[1],"tags":[],"_links":{"self":[{"href":"https:\/\/ligana104.com.br\/2021\/wp-json\/wp\/v2\/posts\/21516"}],"collection":[{"href":"https:\/\/ligana104.com.br\/2021\/wp-json\/wp\/v2\/posts"}],"about":[{"href":"https:\/\/ligana104.com.br\/2021\/wp-json\/wp\/v2\/types\/post"}],"author":[{"embeddable":true,"href":"https:\/\/ligana104.com.br\/2021\/wp-json\/wp\/v2\/users\/1"}],"replies":[{"embeddable":true,"href":"https:\/\/ligana104.com.br\/2021\/wp-json\/wp\/v2\/comments?post=21516"}],"version-history":[{"count":1,"href":"https:\/\/ligana104.com.br\/2021\/wp-json\/wp\/v2\/posts\/21516\/revisions"}],"predecessor-version":[{"id":21518,"href":"https:\/\/ligana104.com.br\/2021\/wp-json\/wp\/v2\/posts\/21516\/revisions\/21518"}],"wp:featuredmedia":[{"embeddable":true,"href":"https:\/\/ligana104.com.br\/2021\/wp-json\/wp\/v2\/media\/21517"}],"wp:attachment":[{"href":"https:\/\/ligana104.com.br\/2021\/wp-json\/wp\/v2\/media?parent=21516"}],"wp:term":[{"taxonomy":"category","embeddable":true,"href":"https:\/\/ligana104.com.br\/2021\/wp-json\/wp\/v2\/categories?post=21516"},{"taxonomy":"post_tag","embeddable":true,"href":"https:\/\/ligana104.com.br\/2021\/wp-json\/wp\/v2\/tags?post=21516"}],"curies":[{"name":"wp","href":"https:\/\/api.w.org\/{rel}","templated":true}]}}