{"id":21513,"date":"2026-09-03T20:25:14","date_gmt":"2026-09-03T23:25:14","guid":{"rendered":"https:\/\/ligana104.com.br\/2021\/2026\/09\/03\/medeiros-encosta-em-mauro-e-fica-a-apenas-31-pontos-na-disputa-pelo-senado-diz-pesquisa-verita\/"},"modified":"2026-09-03T20:25:14","modified_gmt":"2026-09-03T23:25:14","slug":"medeiros-encosta-em-mauro-e-fica-a-apenas-31-pontos-na-disputa-pelo-senado-diz-pesquisa-verita","status":"publish","type":"post","link":"https:\/\/ligana104.com.br\/2021\/2026\/09\/03\/medeiros-encosta-em-mauro-e-fica-a-apenas-31-pontos-na-disputa-pelo-senado-diz-pesquisa-verita\/","title":{"rendered":"Medeiros encosta em Mauro e fica a apenas 3,1 pontos na disputa pelo Senado, diz pesquisa Verit\u00e1"},"content":{"rendered":"<p> <br \/>\n<\/p>\n<div>\n<p>A disputa pelas duas vagas de Mato Grosso no Senado Federal aparece apertada entre Mauro Mendes (Uni\u00e3o) e o deputado federal Jos\u00e9 Medeiros (PL) na nova pesquisa do Instituto Verit\u00e1. Na consolida\u00e7\u00e3o dos dois votos, Mauro registra <strong>33,5%<\/strong>, enquanto Medeiros chega a <strong>30,4%<\/strong>, uma diferen\u00e7a de apenas <strong>3,1 pontos percentuais<\/strong>.<\/p>\n<p>O levantamento considera que, nas elei\u00e7\u00f5es de 2026, cada eleitor ter\u00e1 direito a votar em dois candidatos ao Senado. Na consolida\u00e7\u00e3o apresentada pelo pr\u00f3prio instituto, Jana\u00edna Riva (MDB) aparece com 21,5% e Carlos F\u00e1varo (PSD), com 20,5%.<\/p>\n<p>Quando considerado somente o <strong>primeiro voto<\/strong>, Medeiros registra 20,1% do total da amostra, enquanto Mauro tem 17,8%. F\u00e1varo aparece com 13,6% e Jana\u00edna com 11,6%. Outros 22% n\u00e3o souberam ou n\u00e3o responderam e 4,5% declararam voto branco ou nulo.<\/p>\n<div class=\"g g-90\">\n<div class=\"g-single a-66\">\n<div style=\"position: relative; width: 100%;\">\n    <!-- Banner 3 --><\/p>\n<p>    <!-- Banner 4 --><\/p>\n<div id=\"banner4\" style=\"opacity: 0; transition: opacity 1s; width: 100%;\">\n        <a class=\"gofollow\" data-track=\"NjYsOTAsMSw2MA==\" href=\"https:\/\/www.instagram.com\/cdl.roo\" target=\"_blank\" rel=\"noopener\">&#13;<br \/>\n            &#13;<br \/>\n        <\/a>\n    <\/div>\n<\/div>\n<\/div>\n<\/div>\n<p>No <strong>segundo voto<\/strong>, Mauro registra 15,7%, Medeiros 10,3%, Jana\u00edna 9,9% e F\u00e1varo 6,9%. Neste cen\u00e1rio, o percentual de eleitores que n\u00e3o souberam ou n\u00e3o responderam chega a 36,4%.<\/p>\n<p>A pesquisa tamb\u00e9m revela espa\u00e7o para mudan\u00e7as at\u00e9 a elei\u00e7\u00e3o. <strong>46,4% dos entrevistados afirmaram que ainda n\u00e3o t\u00eam candidato definido para senador<\/strong>, enquanto 53,6% disseram j\u00e1 possuir uma escolha. Entre os eleitores de 16 a 34 anos, 60% ainda n\u00e3o definiram candidato.<\/p>\n<p>O Instituto Verit\u00e1 ouviu <strong>1.220 eleitores entre os dias 19 e 23 de agosto<\/strong>, em Mato Grosso. A margem de erro informada \u00e9 de tr\u00eas pontos percentuais, com n\u00edvel de confian\u00e7a de 95%. O levantamento est\u00e1 registrado sob os n\u00fameros <strong>MT-05925\/2026 e BR-04523\/2026<\/strong>.<br \/>\n<!-- H&aacute; banners, eles s&atilde;o deficientes ou nenhum qualificado para este local! --><\/p>\n<\/p><\/div>\n<p><script async src=\"\/\/www.instagram.com\/embed.js\"><\/script><br \/>\n<br \/><br \/>\n<br \/><a href=\"https:\/\/rgtnews.com.br\/destaque\/medeiros-encosta-em-mauro-e-fica-a-apenas-31-pontos-na-disputa-pelo-senado-diz-pesquisa-verita\/?utm_source=rss&#038;utm_medium=rss&#038;utm_campaign=medeiros-encosta-em-mauro-e-fica-a-apenas-31-pontos-na-disputa-pelo-senado-diz-pesquisa-verita\">Fonte da Noticia <\/a><\/p>\n","protected":false},"excerpt":{"rendered":"<p>A disputa pelas duas vagas de Mato Grosso no Senado Federal aparece apertada entre Mauro Mendes (Uni\u00e3o) e o deputado federal Jos\u00e9 Medeiros (PL) na nova pesquisa do Instituto Verit\u00e1. Na consolida\u00e7\u00e3o dos dois votos, Mauro registra 33,5%, enquanto Medeiros chega a 30,4%, uma diferen\u00e7a de apenas 3,1 pontos percentuais. O levantamento considera que, nas [&hellip;]<\/p>\n","protected":false},"author":1,"featured_media":21514,"comment_status":"closed","ping_status":"closed","sticky":false,"template":"","format":"standard","meta":[],"categories":[1],"tags":[],"_links":{"self":[{"href":"https:\/\/ligana104.com.br\/2021\/wp-json\/wp\/v2\/posts\/21513"}],"collection":[{"href":"https:\/\/ligana104.com.br\/2021\/wp-json\/wp\/v2\/posts"}],"about":[{"href":"https:\/\/ligana104.com.br\/2021\/wp-json\/wp\/v2\/types\/post"}],"author":[{"embeddable":true,"href":"https:\/\/ligana104.com.br\/2021\/wp-json\/wp\/v2\/users\/1"}],"replies":[{"embeddable":true,"href":"https:\/\/ligana104.com.br\/2021\/wp-json\/wp\/v2\/comments?post=21513"}],"version-history":[{"count":1,"href":"https:\/\/ligana104.com.br\/2021\/wp-json\/wp\/v2\/posts\/21513\/revisions"}],"predecessor-version":[{"id":21515,"href":"https:\/\/ligana104.com.br\/2021\/wp-json\/wp\/v2\/posts\/21513\/revisions\/21515"}],"wp:featuredmedia":[{"embeddable":true,"href":"https:\/\/ligana104.com.br\/2021\/wp-json\/wp\/v2\/media\/21514"}],"wp:attachment":[{"href":"https:\/\/ligana104.com.br\/2021\/wp-json\/wp\/v2\/media?parent=21513"}],"wp:term":[{"taxonomy":"category","embeddable":true,"href":"https:\/\/ligana104.com.br\/2021\/wp-json\/wp\/v2\/categories?post=21513"},{"taxonomy":"post_tag","embeddable":true,"href":"https:\/\/ligana104.com.br\/2021\/wp-json\/wp\/v2\/tags?post=21513"}],"curies":[{"name":"wp","href":"https:\/\/api.w.org\/{rel}","templated":true}]}}