{"id":21510,"date":"2026-09-03T19:20:13","date_gmt":"2026-09-03T22:20:13","guid":{"rendered":"https:\/\/ligana104.com.br\/2021\/2026\/09\/03\/declaracao-de-pivetta-sobre-melhor-hospital-publico-do-pais-nao-condiz-com-ranking-nacional\/"},"modified":"2026-09-03T19:20:14","modified_gmt":"2026-09-03T22:20:14","slug":"declaracao-de-pivetta-sobre-melhor-hospital-publico-do-pais-nao-condiz-com-ranking-nacional","status":"publish","type":"post","link":"https:\/\/ligana104.com.br\/2021\/2026\/09\/03\/declaracao-de-pivetta-sobre-melhor-hospital-publico-do-pais-nao-condiz-com-ranking-nacional\/","title":{"rendered":"Declara\u00e7\u00e3o de Pivetta sobre \u201cmelhor hospital p\u00fablico do pa\u00eds\u201d n\u00e3o condiz com ranking nacional"},"content":{"rendered":"<p> <br \/>\n<\/p>\n<div>\n<p><strong><em>Levantamento do IBROSS n\u00e3o inclui unidade de Mato Grosso entre os dez hospitais p\u00fablicos mais bem avaliados do Brasil<\/em><\/strong><\/p>\n<p>A afirma\u00e7\u00e3o de que Mato Grosso teria hoje \u201co maior e melhor hospital p\u00fablico do pa\u00eds\u201d, feita pelo governador Otaviano Pivetta durante sabatina com representantes da Fiemt, Famato e Fecom\u00e9rcio-MT, na manh\u00e3 desta quinta-feira (3), entra em contraste com um levantamento nacional divulgado pelo Instituto Brasileiro das Organiza\u00e7\u00f5es Sociais de Sa\u00fade (IBROSS), em parceria com a Organiza\u00e7\u00e3o Pan-Americana da Sa\u00fade (OPAS\/OMS), Conass, Conasems e Instituto \u00c9tica Sa\u00fade.<\/p>\n<p>O ranking dos Melhores Hospitais P\u00fablicos do Brasil 2026 avaliou um universo inicial de 5.279 hospitais que atendem ao SUS e considerou crit\u00e9rios como qualidade assistencial, taxa de mortalidade ajustada, interna\u00e7\u00f5es de alta complexidade, disponibilidade e ocupa\u00e7\u00e3o de leitos de UTI, tempo m\u00e9dio de perman\u00eancia, efici\u00eancia na gest\u00e3o, compliance e satisfa\u00e7\u00e3o dos usu\u00e1rios. No resultado final divulgado recentemente, o Hospital Central de Mato Grosso n\u00e3o aparece entre os dez primeiros colocados.<\/p>\n<div class=\"g g-90\">\n<div class=\"g-single a-66\">\n<div style=\"position: relative; width: 100%;\">\n    <!-- Banner 3 --><\/p>\n<p>    <!-- Banner 4 --><\/p>\n<div id=\"banner4\" style=\"opacity: 0; transition: opacity 1s; width: 100%;\">\n        <a class=\"gofollow\" data-track=\"NjYsOTAsMSw2MA==\" href=\"https:\/\/www.instagram.com\/cdl.roo\" target=\"_blank\" rel=\"noopener\">&#13;<br \/>\n            &#13;<br \/>\n        <\/a>\n    <\/div>\n<\/div>\n<\/div>\n<\/div>\n<p>O primeiro lugar ficou com o Hospital Estadual de Sumar\u00e9 (SP), seguido pelo Hospital Estadual de Urg\u00eancias Governador Ot\u00e1vio Lage de Siqueira (GO) e pelo Centro de Refer\u00eancia da Sa\u00fade da Mulher (SP). A lista tamb\u00e9m inclui hospitais de Minas Gerais e S\u00e3o Paulo. Entre as unidades mais bem avaliadas diretamente pelos usu\u00e1rios, o primeiro lugar ficou com o Hospital Regional de Piracicaba (SP).<\/p>\n<figure class=\"wp-block-image size-large\"><img loading=\"lazy\" fetchpriority=\"high\" decoding=\"async\" width=\"1024\" height=\"738\" src=\"https:\/\/rgtnews.com.br\/wp-content\/uploads\/2026\/09\/0a16d9f5-f629-4b8b-92e8-0f521bdd7639-1024x738.jpeg\" alt=\"\" class=\"wp-image-81286\" srcset=\"https:\/\/rgtnews.com.br\/wp-content\/uploads\/2026\/09\/0a16d9f5-f629-4b8b-92e8-0f521bdd7639-1024x738.jpeg 1024w, https:\/\/rgtnews.com.br\/wp-content\/uploads\/2026\/09\/0a16d9f5-f629-4b8b-92e8-0f521bdd7639-300x216.jpeg 300w, https:\/\/rgtnews.com.br\/wp-content\/uploads\/2026\/09\/0a16d9f5-f629-4b8b-92e8-0f521bdd7639-768x554.jpeg 768w, https:\/\/rgtnews.com.br\/wp-content\/uploads\/2026\/09\/0a16d9f5-f629-4b8b-92e8-0f521bdd7639.jpeg 1477w\" sizes=\"(max-width: 1024px) 100vw, 1024px\"\/><\/figure>\n<\/p>\n<p>A diferen\u00e7a entre o discurso oficial e o resultado do levantamento nacional levanta uma quest\u00e3o objetiva: com base em quais indicadores o Governo de Mato Grosso classifica o Hospital Central como o melhor hospital p\u00fablico do Brasil, se a principal premia\u00e7\u00e3o nacional do setor divulgada em 2026 n\u00e3o o colocou sequer entre os dez primeiros? O pr\u00f3prio IBROSS informa que sua metodologia buscou justamente identificar modelos de excel\u00eancia no SUS, combinando desempenho assistencial, efici\u00eancia, qualidade, seguran\u00e7a e experi\u00eancia dos pacientes.<\/p>\n<p>O Hospital Central come\u00e7ou a funcionar em janeiro de 2026, depois de mais de tr\u00eas d\u00e9cadas com as obras paralisadas. A unidade inaugurada em ano eleitoral, possui 287 leitos, sendo 96 de cuidados intensivos, al\u00e9m de dez salas cir\u00fargicas e uma sala h\u00edbrida com hemodin\u00e2mica. Segundo o Governo do Estado, foram investidos mais de R$ 540 milh\u00f5es entre obras e equipamentos.<\/p>\n<p>A discuss\u00e3o, portanto, n\u00e3o \u00e9 sobre a import\u00e2ncia da entrega do hospital para Mato Grosso, mas sobre a necessidade de separar propaganda institucional de avalia\u00e7\u00e3o objetiva de desempenho. Se o Estado sustenta que o Hospital Central \u00e9 o melhor hospital p\u00fablico do pa\u00eds, cabe apresentar os indicadores t\u00e9cnicos que fundamentam essa conclus\u00e3o e explicar por que eles n\u00e3o aparecem refletidos no ranking nacional divulgado pelo IBROSS.<br \/><!-- H&aacute; banners, eles s&atilde;o deficientes ou nenhum qualificado para este local! --><\/p>\n<\/p><\/div>\n<p><script async src=\"\/\/www.instagram.com\/embed.js\"><\/script><br \/>\n<br \/><br \/>\n<br \/><a href=\"https:\/\/rgtnews.com.br\/noticias\/politica\/declaracao-de-pivetta-sobre-melhor-hospital-publico-do-pais-nao-condiz-com-ranking-nacional\/?utm_source=rss&#038;utm_medium=rss&#038;utm_campaign=declaracao-de-pivetta-sobre-melhor-hospital-publico-do-pais-nao-condiz-com-ranking-nacional\">Fonte da Noticia <\/a><\/p>\n","protected":false},"excerpt":{"rendered":"<p>Levantamento do IBROSS n\u00e3o inclui unidade de Mato Grosso entre os dez hospitais p\u00fablicos mais bem avaliados do Brasil A afirma\u00e7\u00e3o de que Mato Grosso teria hoje \u201co maior e melhor hospital p\u00fablico do pa\u00eds\u201d, feita pelo governador Otaviano Pivetta durante sabatina com representantes da Fiemt, Famato e Fecom\u00e9rcio-MT, na manh\u00e3 desta quinta-feira (3), entra [&hellip;]<\/p>\n","protected":false},"author":1,"featured_media":21511,"comment_status":"closed","ping_status":"closed","sticky":false,"template":"","format":"standard","meta":[],"categories":[1],"tags":[],"_links":{"self":[{"href":"https:\/\/ligana104.com.br\/2021\/wp-json\/wp\/v2\/posts\/21510"}],"collection":[{"href":"https:\/\/ligana104.com.br\/2021\/wp-json\/wp\/v2\/posts"}],"about":[{"href":"https:\/\/ligana104.com.br\/2021\/wp-json\/wp\/v2\/types\/post"}],"author":[{"embeddable":true,"href":"https:\/\/ligana104.com.br\/2021\/wp-json\/wp\/v2\/users\/1"}],"replies":[{"embeddable":true,"href":"https:\/\/ligana104.com.br\/2021\/wp-json\/wp\/v2\/comments?post=21510"}],"version-history":[{"count":1,"href":"https:\/\/ligana104.com.br\/2021\/wp-json\/wp\/v2\/posts\/21510\/revisions"}],"predecessor-version":[{"id":21512,"href":"https:\/\/ligana104.com.br\/2021\/wp-json\/wp\/v2\/posts\/21510\/revisions\/21512"}],"wp:featuredmedia":[{"embeddable":true,"href":"https:\/\/ligana104.com.br\/2021\/wp-json\/wp\/v2\/media\/21511"}],"wp:attachment":[{"href":"https:\/\/ligana104.com.br\/2021\/wp-json\/wp\/v2\/media?parent=21510"}],"wp:term":[{"taxonomy":"category","embeddable":true,"href":"https:\/\/ligana104.com.br\/2021\/wp-json\/wp\/v2\/categories?post=21510"},{"taxonomy":"post_tag","embeddable":true,"href":"https:\/\/ligana104.com.br\/2021\/wp-json\/wp\/v2\/tags?post=21510"}],"curies":[{"name":"wp","href":"https:\/\/api.w.org\/{rel}","templated":true}]}}