{"id":21507,"date":"2026-09-03T18:15:13","date_gmt":"2026-09-03T21:15:13","guid":{"rendered":"https:\/\/ligana104.com.br\/2021\/2026\/09\/03\/homem-sofre-brutal-tentativa-de-homicidio-e-vai-parar-no-hospital-regional-de-rondonopolis-imagens\/"},"modified":"2026-09-03T18:15:14","modified_gmt":"2026-09-03T21:15:14","slug":"homem-sofre-brutal-tentativa-de-homicidio-e-vai-parar-no-hospital-regional-de-rondonopolis-imagens","status":"publish","type":"post","link":"https:\/\/ligana104.com.br\/2021\/2026\/09\/03\/homem-sofre-brutal-tentativa-de-homicidio-e-vai-parar-no-hospital-regional-de-rondonopolis-imagens\/","title":{"rendered":"Homem sofre brutal tentativa de homic\u00eddio e vai parar no Hospital Regional de Rondon\u00f3polis; imagens"},"content":{"rendered":"<p> <br \/>\n<\/p>\n<div>\n<p>A Pol\u00edcia Civil, por meio da Delegacia de Pedra Preta, prendeu em flagrante nesta quinta feira (03\/09), um homem de 35 anos, investigado por envolvimento em uma tentativa de homic\u00eddio ocorrida na noite de 2 de setembro de 2026, no munic\u00edpio.<\/p>\n<p>Conforme apurado inicialmente, a v\u00edtima teria sido surpreendida por dois homens, que invadiram a resid\u00eancia e passaram a golpe\u00e1-la com um fac\u00e3o. O homem sofreu cortes no rosto e na cabe\u00e7a, fratura e ferimento no punho esquerdo, al\u00e9m de les\u00f5es na regi\u00e3o da boca e dentes quebrados.<\/p>\n<figure class=\"wp-block-image size-large\"><\/figure>\n<\/p>\n<div class=\"g g-90\">\n<div class=\"g-single a-66\">\n<div style=\"position: relative; width: 100%;\">\n    <!-- Banner 3 --><\/p>\n<p>    <!-- Banner 4 --><\/p>\n<div id=\"banner4\" style=\"opacity: 0; transition: opacity 1s; width: 100%;\">\n        <a class=\"gofollow\" data-track=\"NjYsOTAsMSw2MA==\" href=\"https:\/\/www.instagram.com\/cdl.roo\" target=\"_blank\" rel=\"noopener\">&#13;<br \/>\n            <img decoding=\"async\" src=\"https:\/\/rgtnews.com.br\/wp-content\/uploads\/2026\/07\/CL-Liquida-RGT-News-1200-\u00d7-300-pixels.jpg.jpeg\" width=\"100%\"\/>&#13;<br \/>\n        <\/a>\n    <\/div>\n<\/div>\n<\/div>\n<\/div>\n<p>A v\u00edtima relatou aos policiais que havia realizado um trabalho juntamente com os dois suspeitos, que conhecia apenas pelos apelidos. Segundo o relato, os investigados teriam desconfiado que ele havia recebido o pagamento pelo servi\u00e7o e n\u00e3o teria repassado a quantia a eles.<\/p>\n<p>Ap\u00f3s o ataque, os suspeitos fugiram do local. A v\u00edtima foi encaminhada inicialmente ao Hospital Municipal de Pedra Preta e, posteriormente, transferida para o Hospital Regional de Rondon\u00f3polis, em raz\u00e3o da gravidade dos ferimentos.<\/p>\n<figure class=\"wp-block-image size-large\"><img loading=\"lazy\" decoding=\"async\" width=\"768\" height=\"1024\" src=\"https:\/\/rgtnews.com.br\/wp-content\/uploads\/2026\/09\/109fb6f2-bc69-421a-b8a1-6718dee0c080-768x1024.jpeg\" alt=\"\" class=\"wp-image-81289\" srcset=\"https:\/\/rgtnews.com.br\/wp-content\/uploads\/2026\/09\/109fb6f2-bc69-421a-b8a1-6718dee0c080-768x1024.jpeg 768w, https:\/\/rgtnews.com.br\/wp-content\/uploads\/2026\/09\/109fb6f2-bc69-421a-b8a1-6718dee0c080-225x300.jpeg 225w, https:\/\/rgtnews.com.br\/wp-content\/uploads\/2026\/09\/109fb6f2-bc69-421a-b8a1-6718dee0c080-1152x1536.jpeg 1152w, https:\/\/rgtnews.com.br\/wp-content\/uploads\/2026\/09\/109fb6f2-bc69-421a-b8a1-6718dee0c080.jpeg 1200w\" sizes=\"(max-width: 768px) 100vw, 768px\"\/><\/figure>\n<\/p>\n<h2 class=\"wp-block-heading\"><em>Investiga\u00e7\u00e3o<\/em><\/h2>\n<p>Ap\u00f3s tomar conhecimento dos fatos, a equipe da Delegacia de Pedra Preta iniciou imediatamente as dilig\u00eancias para esclarecer a ocorr\u00eancia e identificar os respons\u00e1veis.<\/p>\n<p>Durante o trabalho investigativo, os policiais realizaram levantamentos de informa\u00e7\u00f5es e dilig\u00eancias que permitiram identificar e qualificar dois suspeitos, de 29 e 35 anos.<\/p>\n<p>Com o avan\u00e7o das investiga\u00e7\u00f5es, um dos suspeitos, de 35 anos, foi localizado no bairro Jardim Natureza. Ele foi abordado pelos policiais e conduzido \u00e0 Delegacia de Pol\u00edcia de Pedra Preta, onde foi colocado \u00e0 disposi\u00e7\u00e3o da autoridade policial.<\/p>\n<p>As dilig\u00eancias prosseguem para localizar o segundo envolvido e esclarecer integralmente as circunst\u00e2ncias e a motiva\u00e7\u00e3o da tentativa de homic\u00eddio.<\/p>\n<\/p><\/div>\n<p><script async src=\"\/\/www.instagram.com\/embed.js\"><\/script><br \/>\n<br \/><br \/>\n<br \/><a href=\"https:\/\/rgtnews.com.br\/destaque\/homem-sofre-brutal-tentativa-de-homicidio-e-vai-parar-no-hospital-regional-de-rondonopolis-imagens\/?utm_source=rss&#038;utm_medium=rss&#038;utm_campaign=homem-sofre-brutal-tentativa-de-homicidio-e-vai-parar-no-hospital-regional-de-rondonopolis-imagens\">Fonte da Noticia <\/a><\/p>\n","protected":false},"excerpt":{"rendered":"<p>A Pol\u00edcia Civil, por meio da Delegacia de Pedra Preta, prendeu em flagrante nesta quinta feira (03\/09), um homem de 35 anos, investigado por envolvimento em uma tentativa de homic\u00eddio ocorrida na noite de 2 de setembro de 2026, no munic\u00edpio. Conforme apurado inicialmente, a v\u00edtima teria sido surpreendida por dois homens, que invadiram a [&hellip;]<\/p>\n","protected":false},"author":1,"featured_media":21508,"comment_status":"closed","ping_status":"closed","sticky":false,"template":"","format":"standard","meta":[],"categories":[1],"tags":[],"_links":{"self":[{"href":"https:\/\/ligana104.com.br\/2021\/wp-json\/wp\/v2\/posts\/21507"}],"collection":[{"href":"https:\/\/ligana104.com.br\/2021\/wp-json\/wp\/v2\/posts"}],"about":[{"href":"https:\/\/ligana104.com.br\/2021\/wp-json\/wp\/v2\/types\/post"}],"author":[{"embeddable":true,"href":"https:\/\/ligana104.com.br\/2021\/wp-json\/wp\/v2\/users\/1"}],"replies":[{"embeddable":true,"href":"https:\/\/ligana104.com.br\/2021\/wp-json\/wp\/v2\/comments?post=21507"}],"version-history":[{"count":1,"href":"https:\/\/ligana104.com.br\/2021\/wp-json\/wp\/v2\/posts\/21507\/revisions"}],"predecessor-version":[{"id":21509,"href":"https:\/\/ligana104.com.br\/2021\/wp-json\/wp\/v2\/posts\/21507\/revisions\/21509"}],"wp:featuredmedia":[{"embeddable":true,"href":"https:\/\/ligana104.com.br\/2021\/wp-json\/wp\/v2\/media\/21508"}],"wp:attachment":[{"href":"https:\/\/ligana104.com.br\/2021\/wp-json\/wp\/v2\/media?parent=21507"}],"wp:term":[{"taxonomy":"category","embeddable":true,"href":"https:\/\/ligana104.com.br\/2021\/wp-json\/wp\/v2\/categories?post=21507"},{"taxonomy":"post_tag","embeddable":true,"href":"https:\/\/ligana104.com.br\/2021\/wp-json\/wp\/v2\/tags?post=21507"}],"curies":[{"name":"wp","href":"https:\/\/api.w.org\/{rel}","templated":true}]}}