{"id":21504,"date":"2026-09-03T17:10:16","date_gmt":"2026-09-03T20:10:16","guid":{"rendered":"https:\/\/ligana104.com.br\/2021\/2026\/09\/03\/secretario-acusa-ex-prefeito-de-tentar-inviabilizar-gestao-de-claudio-e-diz-que-vice-so-aparece-para-buscar-salario-video\/"},"modified":"2026-09-03T17:10:16","modified_gmt":"2026-09-03T20:10:16","slug":"secretario-acusa-ex-prefeito-de-tentar-inviabilizar-gestao-de-claudio-e-diz-que-vice-so-aparece-para-buscar-salario-video","status":"publish","type":"post","link":"https:\/\/ligana104.com.br\/2021\/2026\/09\/03\/secretario-acusa-ex-prefeito-de-tentar-inviabilizar-gestao-de-claudio-e-diz-que-vice-so-aparece-para-buscar-salario-video\/","title":{"rendered":"Secret\u00e1rio acusa ex-prefeito de tentar inviabilizar gest\u00e3o de Cl\u00e1udio e diz que vice s\u00f3 aparece para buscar sal\u00e1rio; v\u00eddeo"},"content":{"rendered":"<p> <br \/>\n<\/p>\n<div>\n<p>Durante a inaugura\u00e7\u00e3o da nova unidade do Sanear, em Rondon\u00f3polis, o secret\u00e1rio de Governo Mykaell Vitorino criticou o ex-prefeito e o atual vice-prefeito. No discurso, acusou o antigo gestor de deixar obras paradas para tentar inviabilizar a administra\u00e7\u00e3o de Cl\u00e1udio Ferreira e afirmou que o vice apenas critica, sem contribuir com as entregas da gest\u00e3o.<\/p>\n<p>Segundo o secret\u00e1rio, o ex-prefeito iniciou obras por toda a cidade sem o planejamento necess\u00e1rio para conclu\u00ed-las. Na avalia\u00e7\u00e3o dele, essa postura comprometeu o andamento dos servi\u00e7os e deixou dificuldades para a administra\u00e7\u00e3o seguinte.<\/p>\n<p>O secret\u00e1rio tamb\u00e9m afirmou que a gest\u00e3o anterior executava obras de qualquer jeito. Em contraponto, disse que Cl\u00e1udio trabalha diariamente para concluir os projetos com qualidade.<\/p>\n<div class=\"g g-90\">\n<div class=\"g-single a-66\">\n<div style=\"position: relative; width: 100%;\">\n    <!-- Banner 3 --><\/p>\n<p>    <!-- Banner 4 --><\/p>\n<div id=\"banner4\" style=\"opacity: 0; transition: opacity 1s; width: 100%;\">\n        <a class=\"gofollow\" data-track=\"NjYsOTAsMSw2MA==\" href=\"https:\/\/www.instagram.com\/cdl.roo\" target=\"_blank\" rel=\"noopener\">&#13;<br \/>\n            &#13;<br \/>\n        <\/a>\n    <\/div>\n<\/div>\n<\/div>\n<\/div>\n<p>Na sequ\u00eancia, o discurso teve como alvo o atual vice-prefeito. O secret\u00e1rio afirmou que ele s\u00f3 vai \u00e0 prefeitura para receber o sal\u00e1rio e n\u00e3o apresenta entregas \u00e0 popula\u00e7\u00e3o.<\/p>\n<p>Ao destacar o trabalho para a inaugura\u00e7\u00e3o da nova unidade, o secret\u00e1rio contrastou a postura que atribuiu ao vice com a participa\u00e7\u00e3o dos diretores do Sanear. Segundo ele, todos contribu\u00edram para concretizar a entrega. Ele tamb\u00e9m reconheceu o trabalho dos colaboradores da autarquia.<\/p>\n<p>Assista:<\/p>\n<blockquote class=\"instagram-media\" data-instgrm-captioned=\"\" data-instgrm-permalink=\"https:\/\/www.instagram.com\/reel\/Dc00NbECuQm\/?utm_source=ig_embed&amp;utm_campaign=loading\" data-instgrm-version=\"14\" style=\" background:#FFF; border:0; border-radius:3px; box-shadow:0 0 1px 0 rgba(0,0,0,0.5),0 1px 10px 0 rgba(0,0,0,0.15); margin: 1px; max-width:540px; min-width:326px; padding:0; width:99.375%; width:-webkit-calc(100% - 2px); width:calc(100% - 2px);\"\/>\n<p><!-- H&aacute; banners, eles s&atilde;o deficientes ou nenhum qualificado para este local! -->\t\t\t\t<\/div>\n<p><script async src=\"\/\/www.instagram.com\/embed.js\"><\/script><br \/>\n<br \/><br \/>\n<br \/><a href=\"https:\/\/rgtnews.com.br\/destaque\/secretario-acusa-ex-prefeito-de-tentar-inviabilizar-gestao-de-claudio-e-diz-que-vice-so-aparece-para-buscar-salario\/?utm_source=rss&#038;utm_medium=rss&#038;utm_campaign=secretario-acusa-ex-prefeito-de-tentar-inviabilizar-gestao-de-claudio-e-diz-que-vice-so-aparece-para-buscar-salario\">Fonte da Noticia <\/a><\/p>\n","protected":false},"excerpt":{"rendered":"<p>Durante a inaugura\u00e7\u00e3o da nova unidade do Sanear, em Rondon\u00f3polis, o secret\u00e1rio de Governo Mykaell Vitorino criticou o ex-prefeito e o atual vice-prefeito. No discurso, acusou o antigo gestor de deixar obras paradas para tentar inviabilizar a administra\u00e7\u00e3o de Cl\u00e1udio Ferreira e afirmou que o vice apenas critica, sem contribuir com as entregas da gest\u00e3o. [&hellip;]<\/p>\n","protected":false},"author":1,"featured_media":21505,"comment_status":"closed","ping_status":"closed","sticky":false,"template":"","format":"standard","meta":[],"categories":[1],"tags":[],"_links":{"self":[{"href":"https:\/\/ligana104.com.br\/2021\/wp-json\/wp\/v2\/posts\/21504"}],"collection":[{"href":"https:\/\/ligana104.com.br\/2021\/wp-json\/wp\/v2\/posts"}],"about":[{"href":"https:\/\/ligana104.com.br\/2021\/wp-json\/wp\/v2\/types\/post"}],"author":[{"embeddable":true,"href":"https:\/\/ligana104.com.br\/2021\/wp-json\/wp\/v2\/users\/1"}],"replies":[{"embeddable":true,"href":"https:\/\/ligana104.com.br\/2021\/wp-json\/wp\/v2\/comments?post=21504"}],"version-history":[{"count":1,"href":"https:\/\/ligana104.com.br\/2021\/wp-json\/wp\/v2\/posts\/21504\/revisions"}],"predecessor-version":[{"id":21506,"href":"https:\/\/ligana104.com.br\/2021\/wp-json\/wp\/v2\/posts\/21504\/revisions\/21506"}],"wp:featuredmedia":[{"embeddable":true,"href":"https:\/\/ligana104.com.br\/2021\/wp-json\/wp\/v2\/media\/21505"}],"wp:attachment":[{"href":"https:\/\/ligana104.com.br\/2021\/wp-json\/wp\/v2\/media?parent=21504"}],"wp:term":[{"taxonomy":"category","embeddable":true,"href":"https:\/\/ligana104.com.br\/2021\/wp-json\/wp\/v2\/categories?post=21504"},{"taxonomy":"post_tag","embeddable":true,"href":"https:\/\/ligana104.com.br\/2021\/wp-json\/wp\/v2\/tags?post=21504"}],"curies":[{"name":"wp","href":"https:\/\/api.w.org\/{rel}","templated":true}]}}