{"id":21501,"date":"2026-09-03T16:05:14","date_gmt":"2026-09-03T19:05:14","guid":{"rendered":"https:\/\/ligana104.com.br\/2021\/2026\/09\/03\/justica-mantem-extincao-do-mandato-de-mariuva-e-valida-ato-de-paulo-schuh\/"},"modified":"2026-09-03T16:05:15","modified_gmt":"2026-09-03T19:05:15","slug":"justica-mantem-extincao-do-mandato-de-mariuva-e-valida-ato-de-paulo-schuh","status":"publish","type":"post","link":"https:\/\/ligana104.com.br\/2021\/2026\/09\/03\/justica-mantem-extincao-do-mandato-de-mariuva-e-valida-ato-de-paulo-schuh\/","title":{"rendered":"Justi\u00e7a mant\u00e9m extin\u00e7\u00e3o do mandato de Mari\u00fava e valida ato de Paulo Schuh"},"content":{"rendered":"<p> <br \/>\n<\/p>\n<div>\n<p><strong><em>Decis\u00e3o da 2\u00aa Vara da Fazenda P\u00fablica nega liminar a Mari\u00fava e confirma que presidente da C\u00e2mara agiu dentro da lei ao declarar extin\u00e7\u00e3o do mandato.<\/em><\/strong><\/p>\n<p>A Justi\u00e7a de Mato Grosso deu raz\u00e3o, nesta quarta-feira (3), ao presidente da C\u00e2mara Municipal de Rondon\u00f3polis, Paulo Schuh (PL), no caso da extin\u00e7\u00e3o do mandato da vereadora Mari\u00fava Valentin Chaves da Silva (MDB). O juiz Jorge Hassib Ibrahim, da 2\u00aa Vara Especializada da Fazenda P\u00fablica, indeferiu a liminar pedida pela parlamentar no mandado de seguran\u00e7a em que ela tentava suspender o ato do presidente e impedir a convoca\u00e7\u00e3o e a posse do suplente.<\/p>\n<p>Com a negativa, cai a \u00fanica barreira judicial que pesava sobre a convoca\u00e7\u00e3o do primeiro suplente da coliga\u00e7\u00e3o, o ex-vereador Adonias Fernandes (MDB), que exerceu cinco mandatos na Casa de Leis.<\/p>\n<div class=\"g g-90\">\n<div class=\"g-single a-66\">\n<div style=\"position: relative; width: 100%;\">\n    <!-- Banner 3 --><\/p>\n<p>    <!-- Banner 4 --><\/p>\n<div id=\"banner4\" style=\"opacity: 0; transition: opacity 1s; width: 100%;\">\n        <a class=\"gofollow\" data-track=\"NjYsOTAsMSw2MA==\" href=\"https:\/\/www.instagram.com\/cdl.roo\" target=\"_blank\" rel=\"noopener\">&#13;<br \/>\n            &#13;<br \/>\n        <\/a>\n    <\/div>\n<\/div>\n<\/div>\n<\/div>\n<h2 class=\"wp-block-heading\">ATO FOI LEGAL, DIZ JUIZ<\/h2>\n<p>Mari\u00fava alegava que Paulo Schuh n\u00e3o poderia ter declarado sozinho a extin\u00e7\u00e3o do mandato durante a 81\u00aa Sess\u00e3o Ordin\u00e1ria, no dia 26 de agosto, e que a compet\u00eancia seria da Mesa Diretora, al\u00e9m de sustentar que n\u00e3o houve direito de defesa. O juiz rejeitou os dois argumentos.<\/p>\n<p>Na decis\u00e3o, o magistrado afirmou que o ato do presidente da C\u00e2mara \u201cpossui natureza solene, vinculada e meramente declarat\u00f3ria\u201d, ou seja, \u00e9 uma formalidade que apenas exterioriza uma consequ\u00eancia jur\u00eddica que j\u00e1 existia: a suspens\u00e3o dos direitos pol\u00edticos da vereadora, decorrente de condena\u00e7\u00e3o criminal transitada em julgado.<\/p>\n<p>O juiz lembrou que o artigo 15, inciso III, da Constitui\u00e7\u00e3o Federal determina que a condena\u00e7\u00e3o criminal definitiva suspende automaticamente os direitos pol\u00edticos, e que o Supremo Tribunal Federal j\u00e1 firmou entendimento, em repercuss\u00e3o geral, de que essa suspens\u00e3o \u00e9 imediata e n\u00e3o depende de qualquer procedimento.<\/p>\n<p>Segundo a jurisprud\u00eancia citada na decis\u00e3o, a extin\u00e7\u00e3o do mandato de vereador nesses casos independe de delibera\u00e7\u00e3o da C\u00e2mara ou de processo pr\u00e9vio, porque n\u00e3o se trata de nova puni\u00e7\u00e3o, mas do reconhecimento de um fato j\u00e1 consumado na esfera criminal.<\/p>\n<p>Sobre a alegada falta de contradit\u00f3rio, o magistrado foi direto: n\u00e3o h\u00e1 viola\u00e7\u00e3o ao direito de defesa porque n\u00e3o se trata de apura\u00e7\u00e3o de infra\u00e7\u00e3o pol\u00edtico-administrativa nem de imposi\u00e7\u00e3o de nova san\u00e7\u00e3o, e sim da \u201cformaliza\u00e7\u00e3o de consequ\u00eancia jur\u00eddica decorrente de condena\u00e7\u00e3o criminal j\u00e1 transitada em julgado\u201d.<\/p>\n<h2 class=\"wp-block-heading\">CONVOCA\u00c7\u00c3O IMEDIATA DO SUPLENTE EST\u00c1 NA LEI<\/h2>\n<p>Ponto central da decis\u00e3o, o juiz citou expressamente o artigo 8\u00ba, par\u00e1grafo 1\u00ba, do Decreto-Lei n\u00ba 201\/1967, que rege a responsabilidade de prefeitos e vereadores.<\/p>\n<p>O dispositivo estabelece que, comprovado o fato extintivo, compete ao presidente da C\u00e2mara comunicar o Plen\u00e1rio, fazer constar em ata a declara\u00e7\u00e3o da extin\u00e7\u00e3o do mandato e convocar imediatamente o respectivo suplente.<br \/>\n<!-- H&aacute; banners, eles s&atilde;o deficientes ou nenhum qualificado para este local! --><\/p>\n<\/p><\/div>\n<p><script async src=\"\/\/www.instagram.com\/embed.js\"><\/script><br \/>\n<br \/><br \/>\n<br \/><a href=\"https:\/\/rgtnews.com.br\/destaque\/justica-mantem-extincao-do-mandato-de-mariuva-e-valida-ato-de-paulo-schuh\/?utm_source=rss&#038;utm_medium=rss&#038;utm_campaign=justica-mantem-extincao-do-mandato-de-mariuva-e-valida-ato-de-paulo-schuh\">Fonte da Noticia <\/a><\/p>\n","protected":false},"excerpt":{"rendered":"<p>Decis\u00e3o da 2\u00aa Vara da Fazenda P\u00fablica nega liminar a Mari\u00fava e confirma que presidente da C\u00e2mara agiu dentro da lei ao declarar extin\u00e7\u00e3o do mandato. A Justi\u00e7a de Mato Grosso deu raz\u00e3o, nesta quarta-feira (3), ao presidente da C\u00e2mara Municipal de Rondon\u00f3polis, Paulo Schuh (PL), no caso da extin\u00e7\u00e3o do mandato da vereadora Mari\u00fava [&hellip;]<\/p>\n","protected":false},"author":1,"featured_media":21502,"comment_status":"closed","ping_status":"closed","sticky":false,"template":"","format":"standard","meta":[],"categories":[1],"tags":[],"_links":{"self":[{"href":"https:\/\/ligana104.com.br\/2021\/wp-json\/wp\/v2\/posts\/21501"}],"collection":[{"href":"https:\/\/ligana104.com.br\/2021\/wp-json\/wp\/v2\/posts"}],"about":[{"href":"https:\/\/ligana104.com.br\/2021\/wp-json\/wp\/v2\/types\/post"}],"author":[{"embeddable":true,"href":"https:\/\/ligana104.com.br\/2021\/wp-json\/wp\/v2\/users\/1"}],"replies":[{"embeddable":true,"href":"https:\/\/ligana104.com.br\/2021\/wp-json\/wp\/v2\/comments?post=21501"}],"version-history":[{"count":1,"href":"https:\/\/ligana104.com.br\/2021\/wp-json\/wp\/v2\/posts\/21501\/revisions"}],"predecessor-version":[{"id":21503,"href":"https:\/\/ligana104.com.br\/2021\/wp-json\/wp\/v2\/posts\/21501\/revisions\/21503"}],"wp:featuredmedia":[{"embeddable":true,"href":"https:\/\/ligana104.com.br\/2021\/wp-json\/wp\/v2\/media\/21502"}],"wp:attachment":[{"href":"https:\/\/ligana104.com.br\/2021\/wp-json\/wp\/v2\/media?parent=21501"}],"wp:term":[{"taxonomy":"category","embeddable":true,"href":"https:\/\/ligana104.com.br\/2021\/wp-json\/wp\/v2\/categories?post=21501"},{"taxonomy":"post_tag","embeddable":true,"href":"https:\/\/ligana104.com.br\/2021\/wp-json\/wp\/v2\/tags?post=21501"}],"curies":[{"name":"wp","href":"https:\/\/api.w.org\/{rel}","templated":true}]}}