{"id":21498,"date":"2026-09-03T15:00:14","date_gmt":"2026-09-03T18:00:14","guid":{"rendered":"https:\/\/ligana104.com.br\/2021\/2026\/09\/03\/social-media-do-cv-que-divulgava-execucoes-e-preso-na-regiao-de-rondonopolis-imagens\/"},"modified":"2026-09-03T15:00:15","modified_gmt":"2026-09-03T18:00:15","slug":"social-media-do-cv-que-divulgava-execucoes-e-preso-na-regiao-de-rondonopolis-imagens","status":"publish","type":"post","link":"https:\/\/ligana104.com.br\/2021\/2026\/09\/03\/social-media-do-cv-que-divulgava-execucoes-e-preso-na-regiao-de-rondonopolis-imagens\/","title":{"rendered":"&#8216;Social Media&#8217; do CV que divulgava execu\u00e7\u00f5es \u00e9 preso na regi\u00e3o de Rondon\u00f3polis; imagens"},"content":{"rendered":"<p> <br \/>\n<\/p>\n<div>\n<p>Policiais militares de Mato Grosso e Mato Grosso do Sul prenderam, na manh\u00e3 desta quinta-feira (3), em Juscimeira, na regi\u00e3o de Rondon\u00f3polis, um homem apontado como respons\u00e1vel por editar e publicar v\u00eddeos (Social Media) de execu\u00e7\u00f5es atribu\u00eddas ao Comando Vermelho (CV). A a\u00e7\u00e3o ocorreu por volta das 6h, no Centro, durante a Opera\u00e7\u00e3o Toler\u00e2ncia Zero \u00e0s Fac\u00e7\u00f5es Criminosas.<\/p>\n<p>Segundo as informa\u00e7\u00f5es da PM, o suspeito produzia e divulgava v\u00eddeos relacionados \u00e0 execu\u00e7\u00e3o de integrantes da fac\u00e7\u00e3o rival, o Primeiro Comando da Capital (PCC), que haviam recebido \u201cdecretos\u201d de morte. Ele tamb\u00e9m atuava na divulga\u00e7\u00e3o da expans\u00e3o territorial do CV em Mato Grosso do Sul.<\/p>\n<p>Entre os casos relacionados \u00e0s publica\u00e7\u00f5es do investigado est\u00e1 o de um homem identificado como M\u00e1rcio. Conforme as informa\u00e7\u00f5es repassadas, o suspeito divulgou a senten\u00e7a de morte contra ele. Durante a execu\u00e7\u00e3o de M\u00e1rcio, os criminosos tamb\u00e9m mataram a filha dele, de 3 anos, e balearam outra filha, de 12 anos.<\/p>\n<div class=\"g g-90\">\n<div class=\"g-single a-66\">\n<div style=\"position: relative; width: 100%;\">\n    <!-- Banner 3 --><\/p>\n<p>    <!-- Banner 4 --><\/p>\n<div id=\"banner4\" style=\"opacity: 0; transition: opacity 1s; width: 100%;\">\n        <a class=\"gofollow\" data-track=\"NjYsOTAsMSw2MA==\" href=\"https:\/\/www.instagram.com\/cdl.roo\" target=\"_blank\" rel=\"noopener\">&#13;<br \/>\n            &#13;<br \/>\n        <\/a>\n    <\/div>\n<\/div>\n<\/div>\n<\/div>\n<figure class=\"wp-block-image size-full\"><img loading=\"lazy\" fetchpriority=\"high\" decoding=\"async\" width=\"816\" height=\"493\" src=\"https:\/\/rgtnews.com.br\/wp-content\/uploads\/2026\/09\/image-6.png\" alt=\"\" class=\"wp-image-81266\" srcset=\"https:\/\/rgtnews.com.br\/wp-content\/uploads\/2026\/09\/image-6.png 816w, https:\/\/rgtnews.com.br\/wp-content\/uploads\/2026\/09\/image-6-300x181.png 300w, https:\/\/rgtnews.com.br\/wp-content\/uploads\/2026\/09\/image-6-768x464.png 768w\" sizes=\"(max-width: 816px) 100vw, 816px\"\/><\/figure>\n<p>A Vara de Garantias de Tr\u00eas Lagoas, do Tribunal de Justi\u00e7a de Mato Grosso do Sul, expediu o mandado de pris\u00e3o com base no artigo 2\u00ba da Lei 12.850, que trata de organiza\u00e7\u00e3o criminosa.<\/p>\n<p>Equipes da PM de Juscimeira e de S\u00e3o Pedro deram apoio aos policiais de Mato Grosso do Sul no cumprimento da ordem judicial. Os militares localizaram o investigado em um im\u00f3vel na Rua W e o encaminharam \u00e0 Delegacia de Pol\u00edcia para as provid\u00eancias legais.<\/p>\n<p>Imagens<\/p>\n<figure class=\"wp-block-image size-large\"><img loading=\"lazy\" decoding=\"async\" width=\"472\" height=\"1024\" src=\"https:\/\/rgtnews.com.br\/wp-content\/uploads\/2026\/09\/image-3-472x1024.png\" alt=\"\" class=\"wp-image-81263\" srcset=\"https:\/\/rgtnews.com.br\/wp-content\/uploads\/2026\/09\/image-3-472x1024.png 472w, https:\/\/rgtnews.com.br\/wp-content\/uploads\/2026\/09\/image-3-138x300.png 138w, https:\/\/rgtnews.com.br\/wp-content\/uploads\/2026\/09\/image-3-708x1536.png 708w, https:\/\/rgtnews.com.br\/wp-content\/uploads\/2026\/09\/image-3.png 738w\" sizes=\"(max-width: 472px) 100vw, 472px\"\/><figcaption class=\"wp-element-caption\">Imagens divulgadas pela PM<\/figcaption><\/figure>\n<\/p>\n<p><figure class=\"wp-block-image size-large\"><img loading=\"lazy\" decoding=\"async\" width=\"472\" height=\"1024\" src=\"https:\/\/rgtnews.com.br\/wp-content\/uploads\/2026\/09\/image-4-472x1024.png\" alt=\"\" class=\"wp-image-81264\" srcset=\"https:\/\/rgtnews.com.br\/wp-content\/uploads\/2026\/09\/image-4-472x1024.png 472w, https:\/\/rgtnews.com.br\/wp-content\/uploads\/2026\/09\/image-4-138x300.png 138w, https:\/\/rgtnews.com.br\/wp-content\/uploads\/2026\/09\/image-4-708x1536.png 708w, https:\/\/rgtnews.com.br\/wp-content\/uploads\/2026\/09\/image-4.png 738w\" sizes=\"(max-width: 472px) 100vw, 472px\"\/><figcaption class=\"wp-element-caption\">Imagens divulgadas pela PM<\/figcaption><\/figure>\n<\/p>\n<p><figure class=\"wp-block-image size-large\"><img loading=\"lazy\" decoding=\"async\" width=\"472\" height=\"1024\" src=\"https:\/\/rgtnews.com.br\/wp-content\/uploads\/2026\/09\/image-5-472x1024.png\" alt=\"\" class=\"wp-image-81265\" srcset=\"https:\/\/rgtnews.com.br\/wp-content\/uploads\/2026\/09\/image-5-472x1024.png 472w, https:\/\/rgtnews.com.br\/wp-content\/uploads\/2026\/09\/image-5-138x300.png 138w, https:\/\/rgtnews.com.br\/wp-content\/uploads\/2026\/09\/image-5-708x1536.png 708w, https:\/\/rgtnews.com.br\/wp-content\/uploads\/2026\/09\/image-5.png 738w\" sizes=\"(max-width: 472px) 100vw, 472px\"\/><\/figure>\n<p><!-- H&aacute; banners, eles s&atilde;o deficientes ou nenhum qualificado para este local! --><\/p>\n<\/p><\/div>\n<p><script async src=\"\/\/www.instagram.com\/embed.js\"><\/script><br \/>\n<br \/><br \/>\n<br \/><a href=\"https:\/\/rgtnews.com.br\/destaque\/social-media-do-cv-que-divulgava-execucoes-e-preso-na-regiao-de-rondonopolis-imagens\/?utm_source=rss&#038;utm_medium=rss&#038;utm_campaign=social-media-do-cv-que-divulgava-execucoes-e-preso-na-regiao-de-rondonopolis-imagens\">Fonte da Noticia <\/a><\/p>\n","protected":false},"excerpt":{"rendered":"<p>Policiais militares de Mato Grosso e Mato Grosso do Sul prenderam, na manh\u00e3 desta quinta-feira (3), em Juscimeira, na regi\u00e3o de Rondon\u00f3polis, um homem apontado como respons\u00e1vel por editar e publicar v\u00eddeos (Social Media) de execu\u00e7\u00f5es atribu\u00eddas ao Comando Vermelho (CV). A a\u00e7\u00e3o ocorreu por volta das 6h, no Centro, durante a Opera\u00e7\u00e3o Toler\u00e2ncia Zero [&hellip;]<\/p>\n","protected":false},"author":1,"featured_media":21499,"comment_status":"closed","ping_status":"closed","sticky":false,"template":"","format":"standard","meta":[],"categories":[1],"tags":[],"_links":{"self":[{"href":"https:\/\/ligana104.com.br\/2021\/wp-json\/wp\/v2\/posts\/21498"}],"collection":[{"href":"https:\/\/ligana104.com.br\/2021\/wp-json\/wp\/v2\/posts"}],"about":[{"href":"https:\/\/ligana104.com.br\/2021\/wp-json\/wp\/v2\/types\/post"}],"author":[{"embeddable":true,"href":"https:\/\/ligana104.com.br\/2021\/wp-json\/wp\/v2\/users\/1"}],"replies":[{"embeddable":true,"href":"https:\/\/ligana104.com.br\/2021\/wp-json\/wp\/v2\/comments?post=21498"}],"version-history":[{"count":1,"href":"https:\/\/ligana104.com.br\/2021\/wp-json\/wp\/v2\/posts\/21498\/revisions"}],"predecessor-version":[{"id":21500,"href":"https:\/\/ligana104.com.br\/2021\/wp-json\/wp\/v2\/posts\/21498\/revisions\/21500"}],"wp:featuredmedia":[{"embeddable":true,"href":"https:\/\/ligana104.com.br\/2021\/wp-json\/wp\/v2\/media\/21499"}],"wp:attachment":[{"href":"https:\/\/ligana104.com.br\/2021\/wp-json\/wp\/v2\/media?parent=21498"}],"wp:term":[{"taxonomy":"category","embeddable":true,"href":"https:\/\/ligana104.com.br\/2021\/wp-json\/wp\/v2\/categories?post=21498"},{"taxonomy":"post_tag","embeddable":true,"href":"https:\/\/ligana104.com.br\/2021\/wp-json\/wp\/v2\/tags?post=21498"}],"curies":[{"name":"wp","href":"https:\/\/api.w.org\/{rel}","templated":true}]}}