{"id":21492,"date":"2026-09-03T12:50:14","date_gmt":"2026-09-03T15:50:14","guid":{"rendered":"https:\/\/ligana104.com.br\/2021\/2026\/09\/03\/aluno-leva-faca-na-escola-para-se-vingar-de-surra-e-quase-causa-tragedia-em-rondonopolis\/"},"modified":"2026-09-03T12:50:15","modified_gmt":"2026-09-03T15:50:15","slug":"aluno-leva-faca-na-escola-para-se-vingar-de-surra-e-quase-causa-tragedia-em-rondonopolis","status":"publish","type":"post","link":"https:\/\/ligana104.com.br\/2021\/2026\/09\/03\/aluno-leva-faca-na-escola-para-se-vingar-de-surra-e-quase-causa-tragedia-em-rondonopolis\/","title":{"rendered":"Aluno leva faca na escola para se vingar de &#8216;surra&#8217; e quase causa trag\u00e9dia em Rondon\u00f3polis"},"content":{"rendered":"<p> <br \/>\n<\/p>\n<div>\n<p>Um aluno levou uma faca na mochila para a escola ap\u00f3s se envolver em uma briga com um colega, em Rondon\u00f3polis. O caso mobilizou a Pol\u00edcia Militar na manh\u00e3 desta quarta-feira (2), na Escola Municipal Alcides Pereira dos Santos, no bairro Jo\u00e3o de Barro. Segundo o relato repassado \u00e0 dire\u00e7\u00e3o por outro estudante, o aluno pretendia \u201cse acertar\u201d com o colega.<\/p>\n<p>Conforme o boletim de ocorr\u00eancia, o desentendimento aconteceu no dia anterior, durante uma partida de futebol na quadra da escola, no hor\u00e1rio do intervalo. Os dois alunos trocaram agress\u00f5es e permaneceram na unidade at\u00e9 o fim das aulas. De acordo com a diretora, nenhum deles procurou a dire\u00e7\u00e3o para comunicar o epis\u00f3dio.<\/p>\n<p>Na manh\u00e3 seguinte, outro estudante alertou a equipe escolar sobre a faca. Ele contou que o colega havia levado o objeto para a escola com a inten\u00e7\u00e3o de confrontar o aluno que o teria agredido.<\/p>\n<div class=\"g g-90\">\n<div class=\"g-single a-66\">\n<div style=\"position: relative; width: 100%;\">\n    <!-- Banner 3 --><\/p>\n<p>    <!-- Banner 4 --><\/p>\n<div id=\"banner4\" style=\"opacity: 0; transition: opacity 1s; width: 100%;\">\n        <a class=\"gofollow\" data-track=\"NjYsOTAsMSw2MA==\" href=\"https:\/\/www.instagram.com\/cdl.roo\" target=\"_blank\" rel=\"noopener\">&#13;<br \/>\n            &#13;<br \/>\n        <\/a>\n    <\/div>\n<\/div>\n<\/div>\n<\/div>\n<p>Diante do relato, a dire\u00e7\u00e3o chamou o estudante at\u00e9 a sala e o questionou sobre a situa\u00e7\u00e3o. Durante uma busca na mochila, a equipe encontrou a faca.<\/p>\n<p>A dire\u00e7\u00e3o entrou em contato com a m\u00e3e do aluno, que compareceu \u00e0 escola e tomou conhecimento dos fatos. O Conselho Tutelar tamb\u00e9m esteve no local e informou que acompanhar\u00e1 o caso, com a ado\u00e7\u00e3o das medidas de sua compet\u00eancia.<\/p>\n<p>A Pol\u00edcia Militar registrou a ocorr\u00eancia para as provid\u00eancias cab\u00edveis. O boletim n\u00e3o relata feridos nem uso da faca contra outro aluno.<br \/>\n<!-- H&aacute; banners, eles s&atilde;o deficientes ou nenhum qualificado para este local! --><\/p>\n<\/p><\/div>\n<p><script async src=\"\/\/www.instagram.com\/embed.js\"><\/script><br \/>\n<br \/><br \/>\n<br \/><a href=\"https:\/\/rgtnews.com.br\/sem-categoria\/aluno-leva-faca-na-escola-para-se-vingar-de-surra-e-quase-causa-tragedia-em-rondonopolis\/?utm_source=rss&#038;utm_medium=rss&#038;utm_campaign=aluno-leva-faca-na-escola-para-se-vingar-de-surra-e-quase-causa-tragedia-em-rondonopolis\">Fonte da Noticia <\/a><\/p>\n","protected":false},"excerpt":{"rendered":"<p>Um aluno levou uma faca na mochila para a escola ap\u00f3s se envolver em uma briga com um colega, em Rondon\u00f3polis. O caso mobilizou a Pol\u00edcia Militar na manh\u00e3 desta quarta-feira (2), na Escola Municipal Alcides Pereira dos Santos, no bairro Jo\u00e3o de Barro. Segundo o relato repassado \u00e0 dire\u00e7\u00e3o por outro estudante, o aluno [&hellip;]<\/p>\n","protected":false},"author":1,"featured_media":21493,"comment_status":"closed","ping_status":"closed","sticky":false,"template":"","format":"standard","meta":[],"categories":[1],"tags":[],"_links":{"self":[{"href":"https:\/\/ligana104.com.br\/2021\/wp-json\/wp\/v2\/posts\/21492"}],"collection":[{"href":"https:\/\/ligana104.com.br\/2021\/wp-json\/wp\/v2\/posts"}],"about":[{"href":"https:\/\/ligana104.com.br\/2021\/wp-json\/wp\/v2\/types\/post"}],"author":[{"embeddable":true,"href":"https:\/\/ligana104.com.br\/2021\/wp-json\/wp\/v2\/users\/1"}],"replies":[{"embeddable":true,"href":"https:\/\/ligana104.com.br\/2021\/wp-json\/wp\/v2\/comments?post=21492"}],"version-history":[{"count":1,"href":"https:\/\/ligana104.com.br\/2021\/wp-json\/wp\/v2\/posts\/21492\/revisions"}],"predecessor-version":[{"id":21494,"href":"https:\/\/ligana104.com.br\/2021\/wp-json\/wp\/v2\/posts\/21492\/revisions\/21494"}],"wp:featuredmedia":[{"embeddable":true,"href":"https:\/\/ligana104.com.br\/2021\/wp-json\/wp\/v2\/media\/21493"}],"wp:attachment":[{"href":"https:\/\/ligana104.com.br\/2021\/wp-json\/wp\/v2\/media?parent=21492"}],"wp:term":[{"taxonomy":"category","embeddable":true,"href":"https:\/\/ligana104.com.br\/2021\/wp-json\/wp\/v2\/categories?post=21492"},{"taxonomy":"post_tag","embeddable":true,"href":"https:\/\/ligana104.com.br\/2021\/wp-json\/wp\/v2\/tags?post=21492"}],"curies":[{"name":"wp","href":"https:\/\/api.w.org\/{rel}","templated":true}]}}